{"id":14150,"date":"2017-08-04T14:00:39","date_gmt":"2017-08-04T17:00:39","guid":{"rendered":"http:\/\/www.bibliotecadeseguranca.com.br\/fr\/?p=14150"},"modified":"2017-08-04T13:34:23","modified_gmt":"2017-08-04T16:34:23","slug":"direito-e-internet","status":"publish","type":"post","link":"https:\/\/www.bibliotecadeseguranca.com.br\/fr\/livros\/direito-e-internet\/","title":{"rendered":"Direito e Internet"},"content":{"rendered":"<p><span style=\"color: #003366;\"><strong><img loading=\"lazy\" decoding=\"async\" class=\"alignleft size-full wp-image-14151\" src=\"http:\/\/www.bibliotecadeseguranca.com.br\/fr\/wp-content\/uploads\/2017\/08\/Direito-e-Internet.jpg\" alt=\"Direito e Internet\" width=\"145\" height=\"208\" srcset=\"https:\/\/www.bibliotecadeseguranca.com.br\/fr\/wp-content\/uploads\/2017\/08\/Direito-e-Internet.jpg 145w, https:\/\/www.bibliotecadeseguranca.com.br\/fr\/wp-content\/uploads\/2017\/08\/Direito-e-Internet-105x150.jpg 105w\" sizes=\"auto, (max-width: 145px) 100vw, 145px\" \/>Liliana Minardi Paesani<\/strong><\/span><\/p>\n<p><span style=\"color: #003366;\"><strong>Maison d&#8217;\u00e9dition Atlas<\/strong><\/span><\/p>\n<p><span style=\"color: #003366;\"><strong>R\u00e9sum\u00e9:<\/strong><\/span> Na hist\u00f3ria da comunica\u00e7\u00e3o, a Internet representa a fase mais avan\u00e7ada de um processo tecnol\u00f3gico que abre uma estrada nova para o Direito. As numerosas aplica\u00e7\u00f5es que a inform\u00e1tica colocou \u00e0 disposi\u00e7\u00e3o do Direito permitiram reduzir sensivelmente o tradicional ceticismo do jurista em rela\u00e7\u00e3o \u00e0s novas tecnologias. Este livro dedica especial aten\u00e7\u00e3o \u00e0 censura, \u00e0 tutela do direito de autor e \u00e0 prote\u00e7\u00e3o da privacidade na Internet. Constata-se que a invas\u00e3o da privacidade pode resultar numa aut\u00eantica desqualifica\u00e7\u00e3o da informa\u00e7\u00e3o. A m\u00eddia impressa e eletr\u00f4nica n\u00e3o tem sabido captar os sinais de uma demanda reprimida de qualidade informativa. E a qualidade \u00e9 a primeira exig\u00eancia da \u00e9tica. Traz nos anexos, em tradu\u00e7\u00e3o n\u00e3o oficial, um moderno c\u00f3digo de autorregulamenta\u00e7\u00e3o dos servi\u00e7os na Internet. Conclui-se alertando que a sociedade telem\u00e1tica, da informa\u00e7\u00e3o acess\u00edvel a todos, pode gerar um processo de unifica\u00e7\u00e3o da sociedade humana ou um processo oposto, de diferencia\u00e7\u00e3o entre os que podem participar e os que est\u00e3o exclu\u00eddos da revolu\u00e7\u00e3o inform\u00e1tica. Obra recomendada para juristas e acad\u00eamicos, bem como para profissionais que lidam com a an\u00e1lise da informa\u00e7\u00e3o, como direito de propriedade, direito de acesso \u00e0 informa\u00e7\u00e3o e direito de recusa da informa\u00e7\u00e3o e inform\u00e1tica. Leitura complementar para as disciplinas Direito de Inform\u00e1tica, Direito Civil e Direito Empresarial do curso de gradua\u00e7\u00e3o em Direito.<\/p>\n","protected":false},"excerpt":{"rendered":"<p>Liliana Minardi Paesani Maison d&#8217;\u00e9dition Atlas R\u00e9sum\u00e9: Na hist\u00f3ria da comunica\u00e7\u00e3o, a Internet representa a fase mais avan\u00e7ada de um processo tecnol\u00f3gico que abre uma estrada nova para o Direito. As numerosas aplica\u00e7\u00f5es que a inform\u00e1tica colocou \u00e0 disposi\u00e7\u00e3o do Direito permitiram reduzir sensivelmente o tradicional ceticismo do jurista em rela\u00e7\u00e3o \u00e0s novas tecnologias. Este livro dedica especial aten\u00e7\u00e3o \u00e0 censura, \u00e0 tutela do direito de autor e \u00e0 prote\u00e7\u00e3o&hellip; <\/p>\n","protected":false},"author":3,"featured_media":14151,"comment_status":"open","ping_status":"closed","sticky":false,"template":"","format":"standard","meta":{"footnotes":""},"categories":[6,20],"tags":[],"class_list":["post-14150","post","type-post","status-publish","format-standard","has-post-thumbnail","hentry","category-livros","category-seguranca-da-informacao"],"views":195,"_links":{"self":[{"href":"https:\/\/www.bibliotecadeseguranca.com.br\/fr\/wp-json\/wp\/v2\/posts\/14150","targetHints":{"allow":["GET"]}}],"collection":[{"href":"https:\/\/www.bibliotecadeseguranca.com.br\/fr\/wp-json\/wp\/v2\/posts"}],"about":[{"href":"https:\/\/www.bibliotecadeseguranca.com.br\/fr\/wp-json\/wp\/v2\/types\/post"}],"author":[{"embeddable":true,"href":"https:\/\/www.bibliotecadeseguranca.com.br\/fr\/wp-json\/wp\/v2\/users\/3"}],"replies":[{"embeddable":true,"href":"https:\/\/www.bibliotecadeseguranca.com.br\/fr\/wp-json\/wp\/v2\/comments?post=14150"}],"version-history":[{"count":1,"href":"https:\/\/www.bibliotecadeseguranca.com.br\/fr\/wp-json\/wp\/v2\/posts\/14150\/revisions"}],"predecessor-version":[{"id":14152,"href":"https:\/\/www.bibliotecadeseguranca.com.br\/fr\/wp-json\/wp\/v2\/posts\/14150\/revisions\/14152"}],"wp:featuredmedia":[{"embeddable":true,"href":"https:\/\/www.bibliotecadeseguranca.com.br\/fr\/wp-json\/wp\/v2\/media\/14151"}],"wp:attachment":[{"href":"https:\/\/www.bibliotecadeseguranca.com.br\/fr\/wp-json\/wp\/v2\/media?parent=14150"}],"wp:term":[{"taxonomy":"category","embeddable":true,"href":"https:\/\/www.bibliotecadeseguranca.com.br\/fr\/wp-json\/wp\/v2\/categories?post=14150"},{"taxonomy":"post_tag","embeddable":true,"href":"https:\/\/www.bibliotecadeseguranca.com.br\/fr\/wp-json\/wp\/v2\/tags?post=14150"}],"curies":[{"name":"wp","href":"https:\/\/api.w.org\/{rel}","templated":true}]}}