{"id":14147,"date":"2017-08-03T14:00:45","date_gmt":"2017-08-03T17:00:45","guid":{"rendered":"http:\/\/www.bibliotecadeseguranca.com.br\/fr\/?p=14147"},"modified":"2017-08-03T03:18:20","modified_gmt":"2017-08-03T06:18:20","slug":"v-esseg-estudo-do-setor-da-seguranca-privada","status":"publish","type":"post","link":"https:\/\/www.bibliotecadeseguranca.com.br\/fr\/livros\/v-esseg-estudo-do-setor-da-seguranca-privada\/","title":{"rendered":"V ESSEG &#8211; Estudo do Setor da Seguran\u00e7a Privada"},"content":{"rendered":"<p><span style=\"color: #003366;\"><strong><img loading=\"lazy\" decoding=\"async\" class=\"alignleft size-full wp-image-14148\" src=\"http:\/\/www.bibliotecadeseguranca.com.br\/fr\/wp-content\/uploads\/2017\/08\/V-ESSEG-Estudo-do-Setor-da-Seguran\u00e7a-Privada.jpg\" alt=\"V ESSEG - Estudo do Setor da Seguran\u00e7a Privada\" width=\"145\" height=\"207\" srcset=\"https:\/\/www.bibliotecadeseguranca.com.br\/fr\/wp-content\/uploads\/2017\/08\/V-ESSEG-Estudo-do-Setor-da-Seguran\u00e7a-Privada.jpg 145w, https:\/\/www.bibliotecadeseguranca.com.br\/fr\/wp-content\/uploads\/2017\/08\/V-ESSEG-Estudo-do-Setor-da-Seguran\u00e7a-Privada-105x150.jpg 105w\" sizes=\"auto, (max-width: 145px) 100vw, 145px\" \/>Fenavist<\/strong><\/span><\/p>\n<p><span style=\"color: #003366;\"><strong>R\u00e9sum\u00e9:<\/strong><\/span> O objetivo do V Estudo do Setor da Seguran\u00e7a Privada (V ESSEG) \u00e9 fornecer \u00e0s Institui\u00e7\u00f5es e seus representantes (\u00f3rg\u00e3os reguladores, \u00f3rg\u00e3os de fiscaliza\u00e7\u00e3o, sindicatos, diretores e associados), Entidades (de classe e sociedade), Contratantes, M\u00eddia e Comunidade Acad\u00eamica (estudiosos, professores e estudantes) informa\u00e7\u00f5es sobre o setor de seguran\u00e7a privada do Pa\u00eds que sejam de relev\u00e2ncia e que sirvam de refer\u00eancia, no debate e entendimento da seguran\u00e7a privada. As informa\u00e7\u00f5es s\u00e3o de 2016, observando-se per\u00edodos de evolu\u00e7\u00e3o que variam de 2010 a 2016.<\/p>\n<p><a href=\"http:\/\/www.bibliotecadeseguranca.com.br\/wp-content\/uploads\/2017\/08\/v-esseg-estudo-do-setor-da-seguranca-privada.pdf\" target=\"_blank\" rel=\"noopener\"><img loading=\"lazy\" decoding=\"async\" class=\"alignleft wp-image-12143 size-full\" src=\"http:\/\/www.bibliotecadeseguranca.com.br\/fr\/wp-content\/uploads\/2015\/03\/download_fr.gif\" alt=\"T\u00e9l\u00e9charger\" width=\"107\" height=\"25\" \/><\/a><\/p>\n","protected":false},"excerpt":{"rendered":"<p>Fenavist R\u00e9sum\u00e9: O objetivo do V Estudo do Setor da Seguran\u00e7a Privada (V ESSEG) \u00e9 fornecer \u00e0s Institui\u00e7\u00f5es e seus representantes (\u00f3rg\u00e3os reguladores, \u00f3rg\u00e3os de fiscaliza\u00e7\u00e3o, sindicatos, diretores e associados), Entidades (de classe e sociedade), Contratantes, M\u00eddia e Comunidade Acad\u00eamica (estudiosos, professores e estudantes) informa\u00e7\u00f5es sobre o setor de seguran\u00e7a privada do Pa\u00eds que sejam de relev\u00e2ncia e que sirvam de refer\u00eancia, no debate e entendimento da seguran\u00e7a privada. As&hellip; <\/p>\n","protected":false},"author":3,"featured_media":14148,"comment_status":"open","ping_status":"closed","sticky":false,"template":"","format":"standard","meta":{"footnotes":""},"categories":[23,6,112],"tags":[],"class_list":["post-14147","post","type-post","status-publish","format-standard","has-post-thumbnail","hentry","category-gestao-da-seguranca-empresarial","category-livros","category-download"],"views":378,"_links":{"self":[{"href":"https:\/\/www.bibliotecadeseguranca.com.br\/fr\/wp-json\/wp\/v2\/posts\/14147","targetHints":{"allow":["GET"]}}],"collection":[{"href":"https:\/\/www.bibliotecadeseguranca.com.br\/fr\/wp-json\/wp\/v2\/posts"}],"about":[{"href":"https:\/\/www.bibliotecadeseguranca.com.br\/fr\/wp-json\/wp\/v2\/types\/post"}],"author":[{"embeddable":true,"href":"https:\/\/www.bibliotecadeseguranca.com.br\/fr\/wp-json\/wp\/v2\/users\/3"}],"replies":[{"embeddable":true,"href":"https:\/\/www.bibliotecadeseguranca.com.br\/fr\/wp-json\/wp\/v2\/comments?post=14147"}],"version-history":[{"count":1,"href":"https:\/\/www.bibliotecadeseguranca.com.br\/fr\/wp-json\/wp\/v2\/posts\/14147\/revisions"}],"predecessor-version":[{"id":14149,"href":"https:\/\/www.bibliotecadeseguranca.com.br\/fr\/wp-json\/wp\/v2\/posts\/14147\/revisions\/14149"}],"wp:featuredmedia":[{"embeddable":true,"href":"https:\/\/www.bibliotecadeseguranca.com.br\/fr\/wp-json\/wp\/v2\/media\/14148"}],"wp:attachment":[{"href":"https:\/\/www.bibliotecadeseguranca.com.br\/fr\/wp-json\/wp\/v2\/media?parent=14147"}],"wp:term":[{"taxonomy":"category","embeddable":true,"href":"https:\/\/www.bibliotecadeseguranca.com.br\/fr\/wp-json\/wp\/v2\/categories?post=14147"},{"taxonomy":"post_tag","embeddable":true,"href":"https:\/\/www.bibliotecadeseguranca.com.br\/fr\/wp-json\/wp\/v2\/tags?post=14147"}],"curies":[{"name":"wp","href":"https:\/\/api.w.org\/{rel}","templated":true}]}}