{"id":14130,"date":"2017-07-27T14:00:57","date_gmt":"2017-07-27T17:00:57","guid":{"rendered":"http:\/\/www.bibliotecadeseguranca.com.br\/fr\/?p=14130"},"modified":"2017-07-27T10:08:29","modified_gmt":"2017-07-27T13:08:29","slug":"prevencao-e-combate-a-incendios","status":"publish","type":"post","link":"https:\/\/www.bibliotecadeseguranca.com.br\/fr\/livros\/prevencao-e-combate-a-incendios\/","title":{"rendered":"Preven\u00e7\u00e3o e Combate a Inc\u00eandios"},"content":{"rendered":"<p><span style=\"color: #003366;\"><strong><img loading=\"lazy\" decoding=\"async\" class=\"alignleft size-full wp-image-14131\" src=\"http:\/\/www.bibliotecadeseguranca.com.br\/fr\/wp-content\/uploads\/2017\/07\/Preven\u00e7\u00e3o-e-Combate-a-Inc\u00eandios.jpg\" alt=\"Preven\u00e7\u00e3o e Combate a Inc\u00eandios\" width=\"145\" height=\"204\" srcset=\"https:\/\/www.bibliotecadeseguranca.com.br\/fr\/wp-content\/uploads\/2017\/07\/Preven\u00e7\u00e3o-e-Combate-a-Inc\u00eandios.jpg 145w, https:\/\/www.bibliotecadeseguranca.com.br\/fr\/wp-content\/uploads\/2017\/07\/Preven\u00e7\u00e3o-e-Combate-a-Inc\u00eandios-107x150.jpg 107w\" sizes=\"auto, (max-width: 145px) 100vw, 145px\" \/>Prefeitura de S\u00e3o Paulo<\/strong><\/span><\/p>\n<p><span style=\"color: #003366;\"><strong>R\u00e9sum\u00e9:<\/strong><\/span> O fogo e sua propaga\u00e7\u00e3o: A origem do fogo est\u00e1 diretamente relacionada com a origem do homem, no in\u00edcio dos tempos ao bater uma pedra contra outra, gerava uma fa\u00edsca que, junto a gravetos, iniciava uma fogueira a fim de se aquecer, cozer alimentos e mesmo iluminar a escurid\u00e3o.<br \/>\nQuando manipulado com seguran\u00e7a, o fogo \u00e9 simples de ser controlado. \u00c9 composto de tr\u00eas elementos b\u00e1sicos. O combust\u00edvel, o comburente (oxig\u00eanio), o calor e a Rea\u00e7\u00e3o em Cadeia. Este \u00e9 o chamado tetraedro do fogo. Para uma a\u00e7\u00e3o efetiva de extin\u00e7\u00e3o do fogo, \u00e9 necess\u00e1rio remover um destes elementos.<br \/>\nExistem tr\u00eas formas de propaga\u00e7\u00e3o do calor gerado pelo fogo: convec\u00e7\u00e3o, condu\u00e7\u00e3o e radia\u00e7\u00e3o.<\/p>\n<p><a href=\"http:\/\/www.bibliotecadeseguranca.com.br\/wp-content\/uploads\/2017\/07\/cartilha-prevencao-e-combate-a-incendios.pdf\" target=\"_blank\" rel=\"noopener\"><img loading=\"lazy\" decoding=\"async\" class=\"alignleft wp-image-12143 size-full\" src=\"http:\/\/www.bibliotecadeseguranca.com.br\/fr\/wp-content\/uploads\/2015\/03\/download_fr.gif\" alt=\"T\u00e9l\u00e9charger\" width=\"107\" height=\"25\" \/><\/a><\/p>\n","protected":false},"excerpt":{"rendered":"<p>Prefeitura de S\u00e3o Paulo R\u00e9sum\u00e9: O fogo e sua propaga\u00e7\u00e3o: A origem do fogo est\u00e1 diretamente relacionada com a origem do homem, no in\u00edcio dos tempos ao bater uma pedra contra outra, gerava uma fa\u00edsca que, junto a gravetos, iniciava uma fogueira a fim de se aquecer, cozer alimentos e mesmo iluminar a escurid\u00e3o. Quando manipulado com seguran\u00e7a, o fogo \u00e9 simples de ser controlado. \u00c9 composto de tr\u00eas elementos&hellip; <\/p>\n","protected":false},"author":3,"featured_media":14131,"comment_status":"open","ping_status":"closed","sticky":false,"template":"","format":"standard","meta":{"footnotes":""},"categories":[17,6,112],"tags":[],"class_list":["post-14130","post","type-post","status-publish","format-standard","has-post-thumbnail","hentry","category-incendio","category-livros","category-download"],"views":353,"_links":{"self":[{"href":"https:\/\/www.bibliotecadeseguranca.com.br\/fr\/wp-json\/wp\/v2\/posts\/14130","targetHints":{"allow":["GET"]}}],"collection":[{"href":"https:\/\/www.bibliotecadeseguranca.com.br\/fr\/wp-json\/wp\/v2\/posts"}],"about":[{"href":"https:\/\/www.bibliotecadeseguranca.com.br\/fr\/wp-json\/wp\/v2\/types\/post"}],"author":[{"embeddable":true,"href":"https:\/\/www.bibliotecadeseguranca.com.br\/fr\/wp-json\/wp\/v2\/users\/3"}],"replies":[{"embeddable":true,"href":"https:\/\/www.bibliotecadeseguranca.com.br\/fr\/wp-json\/wp\/v2\/comments?post=14130"}],"version-history":[{"count":1,"href":"https:\/\/www.bibliotecadeseguranca.com.br\/fr\/wp-json\/wp\/v2\/posts\/14130\/revisions"}],"predecessor-version":[{"id":14132,"href":"https:\/\/www.bibliotecadeseguranca.com.br\/fr\/wp-json\/wp\/v2\/posts\/14130\/revisions\/14132"}],"wp:featuredmedia":[{"embeddable":true,"href":"https:\/\/www.bibliotecadeseguranca.com.br\/fr\/wp-json\/wp\/v2\/media\/14131"}],"wp:attachment":[{"href":"https:\/\/www.bibliotecadeseguranca.com.br\/fr\/wp-json\/wp\/v2\/media?parent=14130"}],"wp:term":[{"taxonomy":"category","embeddable":true,"href":"https:\/\/www.bibliotecadeseguranca.com.br\/fr\/wp-json\/wp\/v2\/categories?post=14130"},{"taxonomy":"post_tag","embeddable":true,"href":"https:\/\/www.bibliotecadeseguranca.com.br\/fr\/wp-json\/wp\/v2\/tags?post=14130"}],"curies":[{"name":"wp","href":"https:\/\/api.w.org\/{rel}","templated":true}]}}