{"id":14107,"date":"2017-07-17T14:00:49","date_gmt":"2017-07-17T17:00:49","guid":{"rendered":"http:\/\/www.bibliotecadeseguranca.com.br\/fr\/?p=14107"},"modified":"2017-07-17T02:47:31","modified_gmt":"2017-07-17T05:47:31","slug":"defesa-nacional-para-o-seculo-xxi","status":"publish","type":"post","link":"https:\/\/www.bibliotecadeseguranca.com.br\/fr\/livros\/defesa-nacional-para-o-seculo-xxi\/","title":{"rendered":"Defesa Nacional para o S\u00e9culo XXI"},"content":{"rendered":"<p><span style=\"color: #003366;\"><strong><img loading=\"lazy\" decoding=\"async\" class=\"alignleft size-full wp-image-14108\" src=\"http:\/\/www.bibliotecadeseguranca.com.br\/fr\/wp-content\/uploads\/2017\/07\/Defesa-Nacional-para-o-S\u00e9culo-XXI.jpg\" alt=\"Defesa Nacional para o S\u00e9culo XXI\" width=\"145\" height=\"209\" srcset=\"https:\/\/www.bibliotecadeseguranca.com.br\/fr\/wp-content\/uploads\/2017\/07\/Defesa-Nacional-para-o-S\u00e9culo-XXI.jpg 145w, https:\/\/www.bibliotecadeseguranca.com.br\/fr\/wp-content\/uploads\/2017\/07\/Defesa-Nacional-para-o-S\u00e9culo-XXI-104x150.jpg 104w\" sizes=\"auto, (max-width: 145px) 100vw, 145px\" \/>Edison Benedito da Silva Filho, Rodrigo Fracalossi de Moraes<\/strong><\/span><\/p>\n<p><span style=\"color: #003366;\"><strong>Maison d&#8217;\u00e9dition IPEA<\/strong><\/span><\/p>\n<p><span style=\"color: #003366;\"><strong>R\u00e9sum\u00e9:<\/strong><\/span> Ap\u00f3s\u00a0 um\u00a0 longo\u00a0 per\u00edodo\u00a0 de\u00a0 menor\u00a0 prioridade\u00a0 na\u00a0 agenda\u00a0 pol\u00edtica\u00a0 de\u00a0 sucessivos governos,\u00a0 em\u00a0 virtude\u00a0 das\u00a0 dificuldades\u00a0 tanto\u00a0 econ\u00f4micas\u00a0 quanto\u00a0 institucionais enfrentadas pelo Estado brasileiro, o tema da Defesa Nacional adentra o s\u00e9culo XXI com novos e urgentes desafios, mas tamb\u00e9m com promissoras perspectivas.<br \/>\nSuperadas\u00a0 as\u00a0 principais\u00a0 restri\u00e7\u00f5es\u00a0 econ\u00f4micas\u00a0 enfrentadas\u00a0 pelo\u00a0 pa\u00eds,\u00a0 bem como\u00a0 outras\u00a0 de\u00a0 car\u00e1ter\u00a0 institucional\u00a0 e\u00a0 pol\u00edtico,\u00a0 o\u00a0 Brasil\u00a0 logrou\u00a0 alcan\u00e7ar\u00a0 uma posi\u00e7\u00e3o\u00a0 de\u00a0 maior\u00a0 destaque\u00a0 no\u00a0 cen\u00e1rio\u00a0 internacional.\u00a0 Contudo,\u00a0 em\u00a0 que\u00a0 pese\u00a0 o ambiente\u00a0 de\u00a0 otimismo\u00a0 vivenciado\u00a0 no\u00a0 pa\u00eds,\u00a0 assim\u00a0 como\u00a0 o\u00a0 reconhecimento\u00a0 pelo restante do mundo da import\u00e2ncia da participa\u00e7\u00e3o brasileira nas decis\u00f5es acerca dos rumos da ordem internacional, a crescente necessidade de incorporar o pa\u00eds nas quest\u00f5es internacionais de vulto exige a recupera\u00e7\u00e3o dos temas da Defesa Nacional e da seguran\u00e7a internacional como prioridades no debate pol\u00edtico no pa\u00eds.<\/p>\n<p><a href=\"http:\/\/www.bibliotecadeseguranca.com.br\/wp-content\/uploads\/2017\/07\/livro_defesa_nacional_secxxi.pdf\" target=\"_blank\" rel=\"noopener noreferrer\"><img loading=\"lazy\" decoding=\"async\" class=\"alignleft wp-image-12143 size-full\" src=\"http:\/\/www.bibliotecadeseguranca.com.br\/fr\/wp-content\/uploads\/2015\/03\/download_fr.gif\" alt=\"T\u00e9l\u00e9charger\" width=\"107\" height=\"25\" \/><\/a><\/p>\n","protected":false},"excerpt":{"rendered":"<p>Edison Benedito da Silva Filho, Rodrigo Fracalossi de Moraes Maison d&#8217;\u00e9dition IPEA R\u00e9sum\u00e9: Ap\u00f3s\u00a0 um\u00a0 longo\u00a0 per\u00edodo\u00a0 de\u00a0 menor\u00a0 prioridade\u00a0 na\u00a0 agenda\u00a0 pol\u00edtica\u00a0 de\u00a0 sucessivos governos,\u00a0 em\u00a0 virtude\u00a0 das\u00a0 dificuldades\u00a0 tanto\u00a0 econ\u00f4micas\u00a0 quanto\u00a0 institucionais enfrentadas pelo Estado brasileiro, o tema da Defesa Nacional adentra o s\u00e9culo XXI com novos e urgentes desafios, mas tamb\u00e9m com promissoras perspectivas. Superadas\u00a0 as\u00a0 principais\u00a0 restri\u00e7\u00f5es\u00a0 econ\u00f4micas\u00a0 enfrentadas\u00a0 pelo\u00a0 pa\u00eds,\u00a0 bem como\u00a0 outras\u00a0 de\u00a0 car\u00e1ter\u00a0&hellip; <\/p>\n","protected":false},"author":3,"featured_media":14108,"comment_status":"open","ping_status":"closed","sticky":false,"template":"","format":"standard","meta":{"footnotes":""},"categories":[6,25,112],"tags":[],"class_list":["post-14107","post","type-post","status-publish","format-standard","has-post-thumbnail","hentry","category-livros","category-seguranca-publica-e-defesa","category-download"],"views":291,"_links":{"self":[{"href":"https:\/\/www.bibliotecadeseguranca.com.br\/fr\/wp-json\/wp\/v2\/posts\/14107","targetHints":{"allow":["GET"]}}],"collection":[{"href":"https:\/\/www.bibliotecadeseguranca.com.br\/fr\/wp-json\/wp\/v2\/posts"}],"about":[{"href":"https:\/\/www.bibliotecadeseguranca.com.br\/fr\/wp-json\/wp\/v2\/types\/post"}],"author":[{"embeddable":true,"href":"https:\/\/www.bibliotecadeseguranca.com.br\/fr\/wp-json\/wp\/v2\/users\/3"}],"replies":[{"embeddable":true,"href":"https:\/\/www.bibliotecadeseguranca.com.br\/fr\/wp-json\/wp\/v2\/comments?post=14107"}],"version-history":[{"count":1,"href":"https:\/\/www.bibliotecadeseguranca.com.br\/fr\/wp-json\/wp\/v2\/posts\/14107\/revisions"}],"predecessor-version":[{"id":14109,"href":"https:\/\/www.bibliotecadeseguranca.com.br\/fr\/wp-json\/wp\/v2\/posts\/14107\/revisions\/14109"}],"wp:featuredmedia":[{"embeddable":true,"href":"https:\/\/www.bibliotecadeseguranca.com.br\/fr\/wp-json\/wp\/v2\/media\/14108"}],"wp:attachment":[{"href":"https:\/\/www.bibliotecadeseguranca.com.br\/fr\/wp-json\/wp\/v2\/media?parent=14107"}],"wp:term":[{"taxonomy":"category","embeddable":true,"href":"https:\/\/www.bibliotecadeseguranca.com.br\/fr\/wp-json\/wp\/v2\/categories?post=14107"},{"taxonomy":"post_tag","embeddable":true,"href":"https:\/\/www.bibliotecadeseguranca.com.br\/fr\/wp-json\/wp\/v2\/tags?post=14107"}],"curies":[{"name":"wp","href":"https:\/\/api.w.org\/{rel}","templated":true}]}}