{"id":14081,"date":"2017-07-06T14:00:01","date_gmt":"2017-07-06T17:00:01","guid":{"rendered":"http:\/\/www.bibliotecadeseguranca.com.br\/fr\/?p=14081"},"modified":"2017-07-06T12:44:54","modified_gmt":"2017-07-06T15:44:54","slug":"cooperacao-juridica-internacional-em-materia-penal","status":"publish","type":"post","link":"https:\/\/www.bibliotecadeseguranca.com.br\/fr\/livros\/cooperacao-juridica-internacional-em-materia-penal\/","title":{"rendered":"Coopera\u00e7\u00e3o Jur\u00eddica Internacional em Mat\u00e9ria Penal"},"content":{"rendered":"<p><span style=\"color: #003366;\"><strong><img loading=\"lazy\" decoding=\"async\" class=\"alignleft size-full wp-image-14082\" src=\"http:\/\/www.bibliotecadeseguranca.com.br\/fr\/wp-content\/uploads\/2017\/07\/Coopera\u00e7\u00e3o-Jur\u00eddica-Internacional-em-Mat\u00e9ria-Penal.jpg\" alt=\"Coopera\u00e7\u00e3o Jur\u00eddica Internacional em Mat\u00e9ria Penal\" width=\"145\" height=\"223\" srcset=\"https:\/\/www.bibliotecadeseguranca.com.br\/fr\/wp-content\/uploads\/2017\/07\/Coopera\u00e7\u00e3o-Jur\u00eddica-Internacional-em-Mat\u00e9ria-Penal.jpg 145w, https:\/\/www.bibliotecadeseguranca.com.br\/fr\/wp-content\/uploads\/2017\/07\/Coopera\u00e7\u00e3o-Jur\u00eddica-Internacional-em-Mat\u00e9ria-Penal-98x150.jpg 98w\" sizes=\"auto, (max-width: 145px) 100vw, 145px\" \/>F\u00e1bio Ramazzini Bechara<\/strong><\/span><\/p>\n<p><span style=\"color: #003366;\"><strong>Maison d&#8217;\u00e9dition Saraiva<\/strong><\/span><\/p>\n<p><span style=\"color: #003366;\"><strong>R\u00e9sum\u00e9:<\/strong><\/span> A prova penal, sua produ\u00e7\u00e3o e efic\u00e1cia \u00e0 luz das normativas internacionais e a compreens\u00e3o de seu fen\u00f4meno no direito estrangeiro, sempre sob o paradigma do respeito \u00e0s garantias fundamentais, foram objeto de madura pesquisa e arguta reflex\u00e3o. As razoes para a escolha do tema e a defini\u00e7\u00e3o do objeto de estudo desta obra superam problemas como o recurso \u00e0 soberania nacional e \u00e0 ordem p\u00fablica para dificultar o processamento da coopera\u00e7\u00e3o jur\u00eddica internacional nos diversos sistemas jur\u00eddicos, al\u00e9m de tornar mais din\u00e2mico o instituto da coopera\u00e7\u00e3o jur\u00eddica internacional em mat\u00e9ria penal. Esta obra demonstra que a maior efic\u00e1cia da prova produzida no exterior e a efici\u00eancia superior da coopera\u00e7\u00e3o jur\u00eddica internacional pressup\u00f5em o reconhecimento da exist\u00eancia de um padr\u00e3o normativo universal em mat\u00e9ria de garantias processuais. A par disso, o autor analisa a efetiva exist\u00eancia desse padr\u00e3o em sede de direitos humanos, compreendendo as garantias processuais, com a fun\u00e7\u00e3o de harmonizar os ordenamentos jur\u00eddicos nacionais e seus reflexos na atividade probat\u00f3ria. Ademais, traz a sistematiza\u00e7\u00e3o do instituto da coopera\u00e7\u00e3o jur\u00eddica internacional em mat\u00e9ria penal, apresentando sugest\u00f5es de lege ferenda sobre o tema, tanto no plano constitucional como no inconstitucional. Em tempos de globaliza\u00e7\u00e3o mercantil, este livro vem tratar de um processo onde valores e experi\u00eancias s\u00e3o mut\u00e1veis e transport\u00e1veis para al\u00e9m das fronteiras, sempre em velocidade inaudita, rompendo com a cl\u00e1ssica escala de paradigmas.<\/p>\n","protected":false},"excerpt":{"rendered":"<p>F\u00e1bio Ramazzini Bechara Maison d&#8217;\u00e9dition Saraiva R\u00e9sum\u00e9: A prova penal, sua produ\u00e7\u00e3o e efic\u00e1cia \u00e0 luz das normativas internacionais e a compreens\u00e3o de seu fen\u00f4meno no direito estrangeiro, sempre sob o paradigma do respeito \u00e0s garantias fundamentais, foram objeto de madura pesquisa e arguta reflex\u00e3o. As razoes para a escolha do tema e a defini\u00e7\u00e3o do objeto de estudo desta obra superam problemas como o recurso \u00e0 soberania nacional e&hellip; <\/p>\n","protected":false},"author":3,"featured_media":14082,"comment_status":"open","ping_status":"closed","sticky":false,"template":"","format":"standard","meta":{"footnotes":""},"categories":[6,25],"tags":[],"class_list":["post-14081","post","type-post","status-publish","format-standard","has-post-thumbnail","hentry","category-livros","category-seguranca-publica-e-defesa"],"views":230,"_links":{"self":[{"href":"https:\/\/www.bibliotecadeseguranca.com.br\/fr\/wp-json\/wp\/v2\/posts\/14081","targetHints":{"allow":["GET"]}}],"collection":[{"href":"https:\/\/www.bibliotecadeseguranca.com.br\/fr\/wp-json\/wp\/v2\/posts"}],"about":[{"href":"https:\/\/www.bibliotecadeseguranca.com.br\/fr\/wp-json\/wp\/v2\/types\/post"}],"author":[{"embeddable":true,"href":"https:\/\/www.bibliotecadeseguranca.com.br\/fr\/wp-json\/wp\/v2\/users\/3"}],"replies":[{"embeddable":true,"href":"https:\/\/www.bibliotecadeseguranca.com.br\/fr\/wp-json\/wp\/v2\/comments?post=14081"}],"version-history":[{"count":1,"href":"https:\/\/www.bibliotecadeseguranca.com.br\/fr\/wp-json\/wp\/v2\/posts\/14081\/revisions"}],"predecessor-version":[{"id":14083,"href":"https:\/\/www.bibliotecadeseguranca.com.br\/fr\/wp-json\/wp\/v2\/posts\/14081\/revisions\/14083"}],"wp:featuredmedia":[{"embeddable":true,"href":"https:\/\/www.bibliotecadeseguranca.com.br\/fr\/wp-json\/wp\/v2\/media\/14082"}],"wp:attachment":[{"href":"https:\/\/www.bibliotecadeseguranca.com.br\/fr\/wp-json\/wp\/v2\/media?parent=14081"}],"wp:term":[{"taxonomy":"category","embeddable":true,"href":"https:\/\/www.bibliotecadeseguranca.com.br\/fr\/wp-json\/wp\/v2\/categories?post=14081"},{"taxonomy":"post_tag","embeddable":true,"href":"https:\/\/www.bibliotecadeseguranca.com.br\/fr\/wp-json\/wp\/v2\/tags?post=14081"}],"curies":[{"name":"wp","href":"https:\/\/api.w.org\/{rel}","templated":true}]}}