{"id":14031,"date":"2017-06-15T14:00:40","date_gmt":"2017-06-15T17:00:40","guid":{"rendered":"http:\/\/www.bibliotecadeseguranca.com.br\/fr\/?p=14031"},"modified":"2017-06-14T17:01:49","modified_gmt":"2017-06-14T20:01:49","slug":"geopolitique-de-la-mondialisation-criminelle","status":"publish","type":"post","link":"https:\/\/www.bibliotecadeseguranca.com.br\/fr\/livros\/geopolitique-de-la-mondialisation-criminelle\/","title":{"rendered":"G\u00e9opolitique de la mondialisation criminelle"},"content":{"rendered":"<p><span style=\"color: #003366;\"><strong><img loading=\"lazy\" decoding=\"async\" class=\"alignleft size-full wp-image-14032\" src=\"http:\/\/www.bibliotecadeseguranca.com.br\/fr\/wp-content\/uploads\/2017\/06\/G\u00e9opolitique-de-la-mondialisation-criminelle.jpg\" alt=\"G\u00e9opolitique de la mondialisation criminelle\" width=\"145\" height=\"200\" srcset=\"https:\/\/www.bibliotecadeseguranca.com.br\/fr\/wp-content\/uploads\/2017\/06\/G\u00e9opolitique-de-la-mondialisation-criminelle.jpg 145w, https:\/\/www.bibliotecadeseguranca.com.br\/fr\/wp-content\/uploads\/2017\/06\/G\u00e9opolitique-de-la-mondialisation-criminelle-109x150.jpg 109w\" sizes=\"auto, (max-width: 145px) 100vw, 145px\" \/>Xavier Raufer<\/strong><\/span><\/p>\n<p><span style=\"color: #003366;\"><strong>Maison d&#8217;\u00e9dition Presses Universitaires de France<\/strong><\/span><\/p>\n<p><span style=\"color: #003366;\"><strong>R\u00e9sum\u00e9:<\/strong><\/span> En Europe, le terrorisme islamiste se dissipe; dernier groupe terroriste \u00ab s\u00e9rieux \u00bb d\u2019Europe, l\u2019ETA basque a d\u00e9sert\u00e9 la lutte arm\u00e9e fin 2011. De plus, \u00e0 l\u2019\u00e9chelle europ\u00e9enne, on constate une baisse de la toxicomanie chez les jeunes (15 \u00e0 24 ans). Or, de longue date, le danger en Europe tenait d\u2019abord au terrorisme et au narcotrafic \u2013 qui pourraient s\u2019\u00e9crouler&#8230; Cette situation inou\u00efe aura d\u2019immenses cons\u00e9quences en mati\u00e8re criminelle : les ex-terroristes d\u00e9g\u00e9n\u00e9reront en bandits (constante historique), l\u2019ONU estime le march\u00e9 mondial du cannabis \u00e0 175 milliards de dollars par an, \u00e0 moiti\u00e9 pour le crime organis\u00e9. Si la consommation baisse de 30%, cela fait 27 milliards de dollars de pertes pour les mafias, pour qui une telle d\u00e9perdition annuelle d\u2019argent est insupportable. Car le crime organis\u00e9 comptabilise mal son argent, en perd lors de son transport et du blanchiment \u2013 simplement survivre lui co\u00fbte des fortunes. D\u2019o\u00f9 l\u2019urgence absolue de nouvelles ressources, d\u00e8s que fl\u00e9chissent celles qu\u2019il exploite. Le milieu ira donc vers de nouveaux march\u00e9s illicites : cyber-criminalit\u00e9, contrefa\u00e7ons-contrebande, etc.<\/p>\n","protected":false},"excerpt":{"rendered":"<p>Xavier Raufer Maison d&#8217;\u00e9dition Presses Universitaires de France R\u00e9sum\u00e9: En Europe, le terrorisme islamiste se dissipe; dernier groupe terroriste \u00ab s\u00e9rieux \u00bb d\u2019Europe, l\u2019ETA basque a d\u00e9sert\u00e9 la lutte arm\u00e9e fin 2011. De plus, \u00e0 l\u2019\u00e9chelle europ\u00e9enne, on constate une baisse de la toxicomanie chez les jeunes (15 \u00e0 24 ans). Or, de longue date, le danger en Europe tenait d\u2019abord au terrorisme et au narcotrafic \u2013 qui pourraient s\u2019\u00e9crouler&#8230;&hellip; <\/p>\n","protected":false},"author":3,"featured_media":14032,"comment_status":"open","ping_status":"closed","sticky":false,"template":"","format":"standard","meta":{"footnotes":""},"categories":[109,6,25],"tags":[],"class_list":["post-14031","post","type-post","status-publish","format-standard","has-post-thumbnail","hentry","category-francais","category-livros","category-seguranca-publica-e-defesa"],"views":213,"_links":{"self":[{"href":"https:\/\/www.bibliotecadeseguranca.com.br\/fr\/wp-json\/wp\/v2\/posts\/14031","targetHints":{"allow":["GET"]}}],"collection":[{"href":"https:\/\/www.bibliotecadeseguranca.com.br\/fr\/wp-json\/wp\/v2\/posts"}],"about":[{"href":"https:\/\/www.bibliotecadeseguranca.com.br\/fr\/wp-json\/wp\/v2\/types\/post"}],"author":[{"embeddable":true,"href":"https:\/\/www.bibliotecadeseguranca.com.br\/fr\/wp-json\/wp\/v2\/users\/3"}],"replies":[{"embeddable":true,"href":"https:\/\/www.bibliotecadeseguranca.com.br\/fr\/wp-json\/wp\/v2\/comments?post=14031"}],"version-history":[{"count":1,"href":"https:\/\/www.bibliotecadeseguranca.com.br\/fr\/wp-json\/wp\/v2\/posts\/14031\/revisions"}],"predecessor-version":[{"id":14033,"href":"https:\/\/www.bibliotecadeseguranca.com.br\/fr\/wp-json\/wp\/v2\/posts\/14031\/revisions\/14033"}],"wp:featuredmedia":[{"embeddable":true,"href":"https:\/\/www.bibliotecadeseguranca.com.br\/fr\/wp-json\/wp\/v2\/media\/14032"}],"wp:attachment":[{"href":"https:\/\/www.bibliotecadeseguranca.com.br\/fr\/wp-json\/wp\/v2\/media?parent=14031"}],"wp:term":[{"taxonomy":"category","embeddable":true,"href":"https:\/\/www.bibliotecadeseguranca.com.br\/fr\/wp-json\/wp\/v2\/categories?post=14031"},{"taxonomy":"post_tag","embeddable":true,"href":"https:\/\/www.bibliotecadeseguranca.com.br\/fr\/wp-json\/wp\/v2\/tags?post=14031"}],"curies":[{"name":"wp","href":"https:\/\/api.w.org\/{rel}","templated":true}]}}