{"id":14018,"date":"2017-06-09T14:00:35","date_gmt":"2017-06-09T17:00:35","guid":{"rendered":"http:\/\/www.bibliotecadeseguranca.com.br\/fr\/?p=14018"},"modified":"2017-06-07T20:23:51","modified_gmt":"2017-06-07T23:23:51","slug":"anuario-2015-de-la-seguridad-regional-en-america-latina-y-el-caribe","status":"publish","type":"post","link":"https:\/\/www.bibliotecadeseguranca.com.br\/fr\/livros\/anuario-2015-de-la-seguridad-regional-en-america-latina-y-el-caribe\/","title":{"rendered":"Anuario 2015 de la Seguridad Regional en Am\u00e9rica Latina y el Caribe"},"content":{"rendered":"<p><span style=\"color: #003366;\"><strong><img loading=\"lazy\" decoding=\"async\" class=\"alignleft size-full wp-image-14019\" src=\"http:\/\/www.bibliotecadeseguranca.com.br\/fr\/wp-content\/uploads\/2017\/06\/Anuario-2015-de-la-Seguridad-Regional-en-Am\u00e9rica-Latina-y-el-Caribe.jpg\" alt=\"Anuario 2015 de la Seguridad Regional en Am\u00e9rica Latina y el Caribe\" width=\"145\" height=\"189\" srcset=\"https:\/\/www.bibliotecadeseguranca.com.br\/fr\/wp-content\/uploads\/2017\/06\/Anuario-2015-de-la-Seguridad-Regional-en-Am\u00e9rica-Latina-y-el-Caribe.jpg 145w, https:\/\/www.bibliotecadeseguranca.com.br\/fr\/wp-content\/uploads\/2017\/06\/Anuario-2015-de-la-Seguridad-Regional-en-Am\u00e9rica-Latina-y-el-Caribe-115x150.jpg 115w\" sizes=\"auto, (max-width: 145px) 100vw, 145px\" \/>Catalina Ni\u00f1o Guarnizo<\/strong><\/span><\/p>\n<p><span style=\"color: #003366;\"><strong>Maison d&#8217;\u00e9dition FES<\/strong><\/span><\/p>\n<p><span style=\"color: #003366;\"><strong>R\u00e9sum\u00e9:<\/strong><\/span> El Programa de Cooperaci\u00f3n en Seguridad Regional de la Fundaci\u00f3n Friedrich Ebert presenta la s\u00e9ptima edici\u00f3n del Anuario de la Seguridad Regional para el 2015.<\/p>\n<p>Este libro contiene art\u00edculos de reconocidos expertos que examinan la situaci\u00f3n de seguridad en los distintos pa\u00edses latinoamericanos, esta vez enfocados en las din\u00e1micas del narcotr\u00e1fico en los pa\u00edses de la regi\u00f3n, las pol\u00edticas contra las drogas que se est\u00e1n implementando para atender el fen\u00f3meno y el estado de las discusiones nacionales sobre la necesidad de reformarlas.<\/p>\n<p>Incluye adem\u00e1s un art\u00edculo en el que se plantean propuestas concretas que pueden servir de base para reformas a las pol\u00edticas antidrogas en nuestros pa\u00edses. Esta publicaci\u00f3n contribuye as\u00ed al debate actual de cara a la Ungass 2016.<\/p>\n<p><a href=\"http:\/\/www.bibliotecadeseguranca.com.br\/wp-content\/uploads\/2017\/06\/20151231_seguridad_regional_en_america_latina_caribe_anuario_2015_LIVRO.pdf\" target=\"_blank\" rel=\"noopener noreferrer\"><img loading=\"lazy\" decoding=\"async\" class=\"alignleft wp-image-12143 size-full\" src=\"http:\/\/www.bibliotecadeseguranca.com.br\/fr\/wp-content\/uploads\/2015\/03\/download_fr.gif\" alt=\"T\u00e9l\u00e9charger\" width=\"107\" height=\"25\" \/><\/a><\/p>\n","protected":false},"excerpt":{"rendered":"<p>Catalina Ni\u00f1o Guarnizo Maison d&#8217;\u00e9dition FES R\u00e9sum\u00e9: El Programa de Cooperaci\u00f3n en Seguridad Regional de la Fundaci\u00f3n Friedrich Ebert presenta la s\u00e9ptima edici\u00f3n del Anuario de la Seguridad Regional para el 2015. Este libro contiene art\u00edculos de reconocidos expertos que examinan la situaci\u00f3n de seguridad en los distintos pa\u00edses latinoamericanos, esta vez enfocados en las din\u00e1micas del narcotr\u00e1fico en los pa\u00edses de la regi\u00f3n, las pol\u00edticas contra las drogas que&hellip; <\/p>\n","protected":false},"author":3,"featured_media":14019,"comment_status":"open","ping_status":"closed","sticky":false,"template":"","format":"standard","meta":{"footnotes":""},"categories":[81,6,25,112],"tags":[],"class_list":["post-14018","post","type-post","status-publish","format-standard","has-post-thumbnail","hentry","category-espanol","category-livros","category-seguranca-publica-e-defesa","category-download"],"views":206,"_links":{"self":[{"href":"https:\/\/www.bibliotecadeseguranca.com.br\/fr\/wp-json\/wp\/v2\/posts\/14018","targetHints":{"allow":["GET"]}}],"collection":[{"href":"https:\/\/www.bibliotecadeseguranca.com.br\/fr\/wp-json\/wp\/v2\/posts"}],"about":[{"href":"https:\/\/www.bibliotecadeseguranca.com.br\/fr\/wp-json\/wp\/v2\/types\/post"}],"author":[{"embeddable":true,"href":"https:\/\/www.bibliotecadeseguranca.com.br\/fr\/wp-json\/wp\/v2\/users\/3"}],"replies":[{"embeddable":true,"href":"https:\/\/www.bibliotecadeseguranca.com.br\/fr\/wp-json\/wp\/v2\/comments?post=14018"}],"version-history":[{"count":1,"href":"https:\/\/www.bibliotecadeseguranca.com.br\/fr\/wp-json\/wp\/v2\/posts\/14018\/revisions"}],"predecessor-version":[{"id":14020,"href":"https:\/\/www.bibliotecadeseguranca.com.br\/fr\/wp-json\/wp\/v2\/posts\/14018\/revisions\/14020"}],"wp:featuredmedia":[{"embeddable":true,"href":"https:\/\/www.bibliotecadeseguranca.com.br\/fr\/wp-json\/wp\/v2\/media\/14019"}],"wp:attachment":[{"href":"https:\/\/www.bibliotecadeseguranca.com.br\/fr\/wp-json\/wp\/v2\/media?parent=14018"}],"wp:term":[{"taxonomy":"category","embeddable":true,"href":"https:\/\/www.bibliotecadeseguranca.com.br\/fr\/wp-json\/wp\/v2\/categories?post=14018"},{"taxonomy":"post_tag","embeddable":true,"href":"https:\/\/www.bibliotecadeseguranca.com.br\/fr\/wp-json\/wp\/v2\/tags?post=14018"}],"curies":[{"name":"wp","href":"https:\/\/api.w.org\/{rel}","templated":true}]}}