{"id":14002,"date":"2017-06-02T14:00:02","date_gmt":"2017-06-02T17:00:02","guid":{"rendered":"http:\/\/www.bibliotecadeseguranca.com.br\/fr\/?p=14002"},"modified":"2017-06-02T12:36:51","modified_gmt":"2017-06-02T15:36:51","slug":"anuario-2014-de-la-seguridad-regional-en-america-latina-y-el-caribe","status":"publish","type":"post","link":"https:\/\/www.bibliotecadeseguranca.com.br\/fr\/livros\/anuario-2014-de-la-seguridad-regional-en-america-latina-y-el-caribe\/","title":{"rendered":"Anuario 2014 de la Seguridad Regional en Am\u00e9rica Latina y el Caribe"},"content":{"rendered":"<p><span style=\"color: #003366;\"><strong><img loading=\"lazy\" decoding=\"async\" class=\"alignleft size-full wp-image-14003\" src=\"http:\/\/www.bibliotecadeseguranca.com.br\/fr\/wp-content\/uploads\/2017\/06\/Anuario-2014-de-la-Seguridad-Regional-en-Am\u00e9rica-Latina-y-el-Caribe.jpg\" alt=\"Anuario 2014 de la Seguridad Regional en Am\u00e9rica Latina y el Caribe\" width=\"145\" height=\"190\" srcset=\"https:\/\/www.bibliotecadeseguranca.com.br\/fr\/wp-content\/uploads\/2017\/06\/Anuario-2014-de-la-Seguridad-Regional-en-Am\u00e9rica-Latina-y-el-Caribe.jpg 145w, https:\/\/www.bibliotecadeseguranca.com.br\/fr\/wp-content\/uploads\/2017\/06\/Anuario-2014-de-la-Seguridad-Regional-en-Am\u00e9rica-Latina-y-el-Caribe-114x150.jpg 114w\" sizes=\"auto, (max-width: 145px) 100vw, 145px\" \/>Catalina Ni\u00f1o Guarnizo<\/strong><\/span><\/p>\n<p><span style=\"color: #003366;\"><strong>Maison d&#8217;\u00e9dition FES<\/strong><\/span><\/p>\n<p><span style=\"color: #003366;\"><strong>R\u00e9sum\u00e9:<\/strong><\/span> El Programa de Cooperaci\u00f3n en Seguridad Regional de la Fundaci\u00f3n Friedrich Ebert\u00a0 presenta la sexta edici\u00f3n del Anuario de la Seguridad Regional para el 2014. Al igual que en los a\u00f1os anteriores, este libro contiene art\u00edculos de reconocidos expertos que examinan la situaci\u00f3n de seguridad en los distintos pa\u00edses latinoamericanos. Sin embargo, este a\u00f1o el anuario presenta una nueva estructura que refleja el esfuerzo por encontrar nuevas maneras de enfocar los an\u00e1lisis sobre los fen\u00f3menos del crimen organizado y la inseguridad p\u00fablica en la regi\u00f3n. Para ello, presenta art\u00edculos nacionales, cada uno enfocado en los asuntos m\u00e1s relevantes en la materia en cada pa\u00eds, aten\u00addiendo a la variedad de situaciones desde las cuales los gobiernos de Am\u00e9rica Latina y el Caribe enfrentan sus desaf\u00edos en la materia.<\/p>\n<p><a href=\"http:\/\/www.bibliotecadeseguranca.com.br\/wp-content\/uploads\/2017\/06\/20141231_seguridad_regional_en_america_latina_caribe_anuario_2014_LIVRO.pdf\" target=\"_blank\" rel=\"noopener noreferrer\"><img loading=\"lazy\" decoding=\"async\" class=\"alignleft wp-image-12143 size-full\" src=\"http:\/\/www.bibliotecadeseguranca.com.br\/fr\/wp-content\/uploads\/2015\/03\/download_fr.gif\" alt=\"T\u00e9l\u00e9charger\" width=\"107\" height=\"25\" \/><\/a><\/p>\n","protected":false},"excerpt":{"rendered":"<p>Catalina Ni\u00f1o Guarnizo Maison d&#8217;\u00e9dition FES R\u00e9sum\u00e9: El Programa de Cooperaci\u00f3n en Seguridad Regional de la Fundaci\u00f3n Friedrich Ebert\u00a0 presenta la sexta edici\u00f3n del Anuario de la Seguridad Regional para el 2014. Al igual que en los a\u00f1os anteriores, este libro contiene art\u00edculos de reconocidos expertos que examinan la situaci\u00f3n de seguridad en los distintos pa\u00edses latinoamericanos. Sin embargo, este a\u00f1o el anuario presenta una nueva estructura que refleja el&hellip; <\/p>\n","protected":false},"author":3,"featured_media":14003,"comment_status":"open","ping_status":"closed","sticky":false,"template":"","format":"standard","meta":{"footnotes":""},"categories":[81,6,25,112],"tags":[],"class_list":["post-14002","post","type-post","status-publish","format-standard","has-post-thumbnail","hentry","category-espanol","category-livros","category-seguranca-publica-e-defesa","category-download"],"views":182,"_links":{"self":[{"href":"https:\/\/www.bibliotecadeseguranca.com.br\/fr\/wp-json\/wp\/v2\/posts\/14002","targetHints":{"allow":["GET"]}}],"collection":[{"href":"https:\/\/www.bibliotecadeseguranca.com.br\/fr\/wp-json\/wp\/v2\/posts"}],"about":[{"href":"https:\/\/www.bibliotecadeseguranca.com.br\/fr\/wp-json\/wp\/v2\/types\/post"}],"author":[{"embeddable":true,"href":"https:\/\/www.bibliotecadeseguranca.com.br\/fr\/wp-json\/wp\/v2\/users\/3"}],"replies":[{"embeddable":true,"href":"https:\/\/www.bibliotecadeseguranca.com.br\/fr\/wp-json\/wp\/v2\/comments?post=14002"}],"version-history":[{"count":1,"href":"https:\/\/www.bibliotecadeseguranca.com.br\/fr\/wp-json\/wp\/v2\/posts\/14002\/revisions"}],"predecessor-version":[{"id":14004,"href":"https:\/\/www.bibliotecadeseguranca.com.br\/fr\/wp-json\/wp\/v2\/posts\/14002\/revisions\/14004"}],"wp:featuredmedia":[{"embeddable":true,"href":"https:\/\/www.bibliotecadeseguranca.com.br\/fr\/wp-json\/wp\/v2\/media\/14003"}],"wp:attachment":[{"href":"https:\/\/www.bibliotecadeseguranca.com.br\/fr\/wp-json\/wp\/v2\/media?parent=14002"}],"wp:term":[{"taxonomy":"category","embeddable":true,"href":"https:\/\/www.bibliotecadeseguranca.com.br\/fr\/wp-json\/wp\/v2\/categories?post=14002"},{"taxonomy":"post_tag","embeddable":true,"href":"https:\/\/www.bibliotecadeseguranca.com.br\/fr\/wp-json\/wp\/v2\/tags?post=14002"}],"curies":[{"name":"wp","href":"https:\/\/api.w.org\/{rel}","templated":true}]}}