{"id":13986,"date":"2017-05-26T14:00:19","date_gmt":"2017-05-26T17:00:19","guid":{"rendered":"http:\/\/www.bibliotecadeseguranca.com.br\/fr\/?p=13986"},"modified":"2017-05-26T12:15:13","modified_gmt":"2017-05-26T15:15:13","slug":"anuario-2013-de-la-seguridad-regional-en-america-latina-y-el-caribe","status":"publish","type":"post","link":"https:\/\/www.bibliotecadeseguranca.com.br\/fr\/livros\/anuario-2013-de-la-seguridad-regional-en-america-latina-y-el-caribe\/","title":{"rendered":"Anuario 2013 de la Seguridad Regional en Am\u00e9rica Latina y el Caribe"},"content":{"rendered":"<p><span style=\"color: #003366;\"><strong><img loading=\"lazy\" decoding=\"async\" class=\"alignleft size-full wp-image-13987\" src=\"http:\/\/www.bibliotecadeseguranca.com.br\/fr\/wp-content\/uploads\/2017\/05\/Anuario-2013-de-la-Seguridad-Regional-en-Am\u00e9rica-Latina-y-el-Caribe.jpg\" alt=\"Anuario 2013 de la Seguridad Regional en Am\u00e9rica Latina y el Caribe\" width=\"145\" height=\"185\" srcset=\"https:\/\/www.bibliotecadeseguranca.com.br\/fr\/wp-content\/uploads\/2017\/05\/Anuario-2013-de-la-Seguridad-Regional-en-Am\u00e9rica-Latina-y-el-Caribe.jpg 145w, https:\/\/www.bibliotecadeseguranca.com.br\/fr\/wp-content\/uploads\/2017\/05\/Anuario-2013-de-la-Seguridad-Regional-en-Am\u00e9rica-Latina-y-el-Caribe-118x150.jpg 118w\" sizes=\"auto, (max-width: 145px) 100vw, 145px\" \/>Catalina Ni\u00f1o Guarnizo<\/strong><\/span><\/p>\n<p><span style=\"color: #003366;\"><strong>Maison d&#8217;\u00e9dition FES<\/strong><\/span><\/p>\n<p><span style=\"color: #003366;\"><strong>R\u00e9sum\u00e9:<\/strong><\/span> El Programa de Cooperaci\u00f3n en Seguridad Regional de la Fundaci\u00f3n Friedrich Ebert\u00a0 presenta la quinta edici\u00f3n del Anuario de la Seguridad Regional para el 2013. Al igual que en los a\u00f1os anteriores, este libro contiene art\u00edculos de reconocidos expertos que examinan la situaci\u00f3n de seguridad en los distintos pa\u00edses latinoamericanos. En su primera parte, el anuario contiene un an\u00e1lisis de las principales din\u00e1micas geopol\u00edticas en la regi\u00f3n en materia de defensa, seguridad\u00a0 y pol\u00edtica exterior de los pa\u00edses que hacen parte de ella.<\/p>\n<p>Un elemento novedoso de la presente edici\u00f3n es que incluye cap\u00edtulos sobre cada uno de los pa\u00edses centroamericanos en donde el Programa tiene actividades, esfuerzo con el que se quiere analizar con mayor detalle los desaf\u00edos de seguridad que enfrentan los pa\u00edses de esa compleja subregi\u00f3n del continente. En la segunda parte se presentan trabajos relacionados con el fen\u00f3meno del crimen organizado y el narcotr\u00e1fico en Am\u00e9rica Latina y se plantean pol\u00edticas \u00fatiles para enfrentar la amenaza que representa este flagelo para la estabilidad democr\u00e1tica de los estados de la regi\u00f3n.<\/p>\n<p><a href=\"http:\/\/www.bibliotecadeseguranca.com.br\/wp-content\/uploads\/2017\/05\/20131231_seguridad_regional_en_america_latina_caribe_anuario_2013_LIVRO.pdf\" target=\"_blank\" rel=\"noopener noreferrer\"><img loading=\"lazy\" decoding=\"async\" class=\"alignleft wp-image-12143 size-full\" src=\"http:\/\/www.bibliotecadeseguranca.com.br\/fr\/wp-content\/uploads\/2015\/03\/download_fr.gif\" alt=\"T\u00e9l\u00e9charger\" width=\"107\" height=\"25\" \/><\/a><\/p>\n","protected":false},"excerpt":{"rendered":"<p>Catalina Ni\u00f1o Guarnizo Maison d&#8217;\u00e9dition FES R\u00e9sum\u00e9: El Programa de Cooperaci\u00f3n en Seguridad Regional de la Fundaci\u00f3n Friedrich Ebert\u00a0 presenta la quinta edici\u00f3n del Anuario de la Seguridad Regional para el 2013. Al igual que en los a\u00f1os anteriores, este libro contiene art\u00edculos de reconocidos expertos que examinan la situaci\u00f3n de seguridad en los distintos pa\u00edses latinoamericanos. En su primera parte, el anuario contiene un an\u00e1lisis de las principales din\u00e1micas&hellip; <\/p>\n","protected":false},"author":3,"featured_media":13987,"comment_status":"open","ping_status":"closed","sticky":false,"template":"","format":"standard","meta":{"footnotes":""},"categories":[81,6,25,112],"tags":[],"class_list":["post-13986","post","type-post","status-publish","format-standard","has-post-thumbnail","hentry","category-espanol","category-livros","category-seguranca-publica-e-defesa","category-download"],"views":380,"_links":{"self":[{"href":"https:\/\/www.bibliotecadeseguranca.com.br\/fr\/wp-json\/wp\/v2\/posts\/13986","targetHints":{"allow":["GET"]}}],"collection":[{"href":"https:\/\/www.bibliotecadeseguranca.com.br\/fr\/wp-json\/wp\/v2\/posts"}],"about":[{"href":"https:\/\/www.bibliotecadeseguranca.com.br\/fr\/wp-json\/wp\/v2\/types\/post"}],"author":[{"embeddable":true,"href":"https:\/\/www.bibliotecadeseguranca.com.br\/fr\/wp-json\/wp\/v2\/users\/3"}],"replies":[{"embeddable":true,"href":"https:\/\/www.bibliotecadeseguranca.com.br\/fr\/wp-json\/wp\/v2\/comments?post=13986"}],"version-history":[{"count":2,"href":"https:\/\/www.bibliotecadeseguranca.com.br\/fr\/wp-json\/wp\/v2\/posts\/13986\/revisions"}],"predecessor-version":[{"id":13989,"href":"https:\/\/www.bibliotecadeseguranca.com.br\/fr\/wp-json\/wp\/v2\/posts\/13986\/revisions\/13989"}],"wp:featuredmedia":[{"embeddable":true,"href":"https:\/\/www.bibliotecadeseguranca.com.br\/fr\/wp-json\/wp\/v2\/media\/13987"}],"wp:attachment":[{"href":"https:\/\/www.bibliotecadeseguranca.com.br\/fr\/wp-json\/wp\/v2\/media?parent=13986"}],"wp:term":[{"taxonomy":"category","embeddable":true,"href":"https:\/\/www.bibliotecadeseguranca.com.br\/fr\/wp-json\/wp\/v2\/categories?post=13986"},{"taxonomy":"post_tag","embeddable":true,"href":"https:\/\/www.bibliotecadeseguranca.com.br\/fr\/wp-json\/wp\/v2\/tags?post=13986"}],"curies":[{"name":"wp","href":"https:\/\/api.w.org\/{rel}","templated":true}]}}