{"id":13970,"date":"2017-05-19T14:00:20","date_gmt":"2017-05-19T17:00:20","guid":{"rendered":"http:\/\/www.bibliotecadeseguranca.com.br\/fr\/?p=13970"},"modified":"2017-05-19T04:09:07","modified_gmt":"2017-05-19T07:09:07","slug":"anuario-2012-de-la-seguridad-regional-en-america-latina-y-el-caribe","status":"publish","type":"post","link":"https:\/\/www.bibliotecadeseguranca.com.br\/fr\/livros\/anuario-2012-de-la-seguridad-regional-en-america-latina-y-el-caribe\/","title":{"rendered":"Anuario 2012 de la Seguridad Regional en Am\u00e9rica Latina y el Caribe"},"content":{"rendered":"<p><span style=\"color: #003366;\"><strong><img loading=\"lazy\" decoding=\"async\" class=\"alignleft size-full wp-image-13971\" src=\"http:\/\/www.bibliotecadeseguranca.com.br\/fr\/wp-content\/uploads\/2017\/05\/Anuario-2012-de-la-Seguridad-Regional-en-Am\u00e9rica-Latina-y-el-Caribe.jpg\" alt=\"Anuario 2012 de la Seguridad Regional en Am\u00e9rica Latina y el Caribe\" width=\"145\" height=\"188\" srcset=\"https:\/\/www.bibliotecadeseguranca.com.br\/fr\/wp-content\/uploads\/2017\/05\/Anuario-2012-de-la-Seguridad-Regional-en-Am\u00e9rica-Latina-y-el-Caribe.jpg 145w, https:\/\/www.bibliotecadeseguranca.com.br\/fr\/wp-content\/uploads\/2017\/05\/Anuario-2012-de-la-Seguridad-Regional-en-Am\u00e9rica-Latina-y-el-Caribe-116x150.jpg 116w\" sizes=\"auto, (max-width: 145px) 100vw, 145px\" \/>Hans Mathieu, Catalina Ni\u00f1o Guarnizo<\/strong><\/span><\/p>\n<p><span style=\"color: #003366;\"><strong>Maison d&#8217;\u00e9dition FES<\/strong><\/span><\/p>\n<p><span style=\"color: #003366;\"><strong>R\u00e9sum\u00e9:<\/strong><\/span> El Programa de Cooperaci\u00f3n en Seguridad Regional de la Fundaci\u00f3n Friedrich Ebert presenta la cuarta edici\u00f3n de su Anuario de la Seguridad Regional, para 2012. En la primera parte del libro se analizan las din\u00e1micas geopol\u00edticas y de seguridad y defensa de los pa\u00edses de la regi\u00f3n, y se incluye un balance del proceso de institucionalizaci\u00f3n de la Unasur durante la secretar\u00eda de Mar\u00eda Emma Mej\u00eda.<br \/>\nLa segunda contiene trabajos sobre el crimen organizado y el narcotr\u00e1fico en la regi\u00f3n, la relaci\u00f3n de las maras centroamericanas con este fen\u00f3meno y art\u00edculos sobre las reformas a los sistemas de administraci\u00f3n de justicia en M\u00e9xico y la regi\u00f3n andina, teniendo en cuenta que para el \u00e9xito de cualquier pol\u00edtica p\u00fablica contra la criminalidad organizada trasnacional es fundamental fortalecerlos y reducir los niveles de impunidad en nuestros pa\u00edses.<\/p>\n<p><a href=\"http:\/\/www.bibliotecadeseguranca.com.br\/wp-content\/uploads\/2017\/05\/20121231_seguridad_regional_en_america_latina_caribe_anuario_2012_LIVRO.pdf\" target=\"_blank\" rel=\"noopener noreferrer\"><img loading=\"lazy\" decoding=\"async\" class=\"alignleft wp-image-12143 size-full\" src=\"http:\/\/www.bibliotecadeseguranca.com.br\/fr\/wp-content\/uploads\/2015\/03\/download_fr.gif\" alt=\"T\u00e9l\u00e9charger\" width=\"107\" height=\"25\" \/><\/a><\/p>\n","protected":false},"excerpt":{"rendered":"<p>Hans Mathieu, Catalina Ni\u00f1o Guarnizo Maison d&#8217;\u00e9dition FES R\u00e9sum\u00e9: El Programa de Cooperaci\u00f3n en Seguridad Regional de la Fundaci\u00f3n Friedrich Ebert presenta la cuarta edici\u00f3n de su Anuario de la Seguridad Regional, para 2012. En la primera parte del libro se analizan las din\u00e1micas geopol\u00edticas y de seguridad y defensa de los pa\u00edses de la regi\u00f3n, y se incluye un balance del proceso de institucionalizaci\u00f3n de la Unasur durante la&hellip; <\/p>\n","protected":false},"author":3,"featured_media":13971,"comment_status":"open","ping_status":"closed","sticky":false,"template":"","format":"standard","meta":{"footnotes":""},"categories":[81,6,25,112],"tags":[],"class_list":["post-13970","post","type-post","status-publish","format-standard","has-post-thumbnail","hentry","category-espanol","category-livros","category-seguranca-publica-e-defesa","category-download"],"views":340,"_links":{"self":[{"href":"https:\/\/www.bibliotecadeseguranca.com.br\/fr\/wp-json\/wp\/v2\/posts\/13970","targetHints":{"allow":["GET"]}}],"collection":[{"href":"https:\/\/www.bibliotecadeseguranca.com.br\/fr\/wp-json\/wp\/v2\/posts"}],"about":[{"href":"https:\/\/www.bibliotecadeseguranca.com.br\/fr\/wp-json\/wp\/v2\/types\/post"}],"author":[{"embeddable":true,"href":"https:\/\/www.bibliotecadeseguranca.com.br\/fr\/wp-json\/wp\/v2\/users\/3"}],"replies":[{"embeddable":true,"href":"https:\/\/www.bibliotecadeseguranca.com.br\/fr\/wp-json\/wp\/v2\/comments?post=13970"}],"version-history":[{"count":1,"href":"https:\/\/www.bibliotecadeseguranca.com.br\/fr\/wp-json\/wp\/v2\/posts\/13970\/revisions"}],"predecessor-version":[{"id":13972,"href":"https:\/\/www.bibliotecadeseguranca.com.br\/fr\/wp-json\/wp\/v2\/posts\/13970\/revisions\/13972"}],"wp:featuredmedia":[{"embeddable":true,"href":"https:\/\/www.bibliotecadeseguranca.com.br\/fr\/wp-json\/wp\/v2\/media\/13971"}],"wp:attachment":[{"href":"https:\/\/www.bibliotecadeseguranca.com.br\/fr\/wp-json\/wp\/v2\/media?parent=13970"}],"wp:term":[{"taxonomy":"category","embeddable":true,"href":"https:\/\/www.bibliotecadeseguranca.com.br\/fr\/wp-json\/wp\/v2\/categories?post=13970"},{"taxonomy":"post_tag","embeddable":true,"href":"https:\/\/www.bibliotecadeseguranca.com.br\/fr\/wp-json\/wp\/v2\/tags?post=13970"}],"curies":[{"name":"wp","href":"https:\/\/api.w.org\/{rel}","templated":true}]}}