{"id":13960,"date":"2017-05-15T14:00:33","date_gmt":"2017-05-15T17:00:33","guid":{"rendered":"http:\/\/www.bibliotecadeseguranca.com.br\/fr\/?p=13960"},"modified":"2017-05-15T06:06:25","modified_gmt":"2017-05-15T09:06:25","slug":"guarda-municipal-a-responsabilidade-dos-municipios-pela-seguranca-publica","status":"publish","type":"post","link":"https:\/\/www.bibliotecadeseguranca.com.br\/fr\/livros\/guarda-municipal-a-responsabilidade-dos-municipios-pela-seguranca-publica\/","title":{"rendered":"Guarda Municipal &#8211; A Responsabilidade dos Munic\u00edpios pela Seguran\u00e7a P\u00fablica"},"content":{"rendered":"<p><span style=\"color: #003366;\"><strong><img loading=\"lazy\" decoding=\"async\" class=\"alignleft size-full wp-image-13961\" src=\"http:\/\/www.bibliotecadeseguranca.com.br\/fr\/wp-content\/uploads\/2017\/05\/Guarda-Municipal-A-Responsabilidade-dos-Munic\u00edpios-pela-Seguran\u00e7a-P\u00fablica.jpg\" alt=\"Guarda Municipal - A Responsabilidade dos Munic\u00edpios pela Seguran\u00e7a P\u00fablica\" width=\"145\" height=\"206\" srcset=\"https:\/\/www.bibliotecadeseguranca.com.br\/fr\/wp-content\/uploads\/2017\/05\/Guarda-Municipal-A-Responsabilidade-dos-Munic\u00edpios-pela-Seguran\u00e7a-P\u00fablica.jpg 145w, https:\/\/www.bibliotecadeseguranca.com.br\/fr\/wp-content\/uploads\/2017\/05\/Guarda-Municipal-A-Responsabilidade-dos-Munic\u00edpios-pela-Seguran\u00e7a-P\u00fablica-106x150.jpg 106w\" sizes=\"auto, (max-width: 145px) 100vw, 145px\" \/>Aulus Eduardo Teixeira de Souza<\/strong><\/span><\/p>\n<p><span style=\"color: #003366;\"><strong>Maison d&#8217;\u00e9dition Juru\u00e1<\/strong><\/span><\/p>\n<p><span style=\"color: #003366;\"><strong>R\u00e9sum\u00e9:<\/strong><\/span> A obra traz, em leitura de f\u00e1cil compreens\u00e3o, uma abordagem direta e objetiva de um dos principais aspectos que revestem a problem\u00e1tica da seguran\u00e7a p\u00fablica no Brasil, cujos apontamentos se debru\u00e7am sobre a responsabilidade dos munic\u00edpios sobre a quest\u00e3o, \u00e0 luz da legisla\u00e7\u00e3o atual e seus posicionamentos divergentes.<\/p>\n<p>Ademais, de forma eloquente, a obra em apre\u00e7o demonstra com clareza a legitimidade da institui\u00e7\u00e3o Guarda Municipal, bem como sua essencialidade no combate \u00e0 criminalidade e \u00e0 redu\u00e7\u00e3o da sensa\u00e7\u00e3o de inseguran\u00e7a que vivenciam os brasileiros.<\/p>\n<p>Entre balizas, o autor exp\u00f5e os motivos ensejadores para a efetiva cria\u00e7\u00e3o das Guardas Municipais pelo Poder P\u00fablico Municipal, em especial o Poder Executivo, estabelecendo \u00e0 norte pressupostos de legalidade, compet\u00eancia e funcionamento do \u00d3rg\u00e3o de policiamento municipal.<\/p>\n<p>Demonstra, ainda, a harmonia entre os demais \u00f3rg\u00e3os integrantes do sistema de seguran\u00e7a p\u00fablica e as guardas municipais, esmiu\u00e7ando as bases do policiamento comunit\u00e1rio e a efetiva aplica\u00e7\u00e3o do poder de pol\u00edcia, ressaltando e cotejando as atribui\u00e7\u00f5es com previs\u00e3o constitucional e os relevantes aspectos jur\u00eddicos da institui\u00e7\u00e3o.<\/p>\n<p>Obrigat\u00f3ria se faz a leitura deste livro por todos aqueles que det\u00eam, de alguma forma, a gest\u00e3o da seguran\u00e7a p\u00fablica, em especial os gestores municipais, visto que o autor estabelece o norte a ser seguido para o funcionamento das guardas municipais, trazendo desde as reminisc\u00eancias hist\u00f3ricas acerca da seguran\u00e7a p\u00fablica brasileira, at\u00e9 a efetiva aplica\u00e7\u00e3o pr\u00e1tica e jur\u00eddica de guardas municipais pelos munic\u00edpios brasileiros.<\/p>\n<p>Sem d\u00favidas, um livro atual, pr\u00e1tico e destinado a contribuir de forma plena com a indica\u00e7\u00e3o de mecanismos voltados ao aux\u00edlio no combate \u00e0 criminalidade e inseguran\u00e7a p\u00fablica brasileira.<\/p>\n","protected":false},"excerpt":{"rendered":"<p>Aulus Eduardo Teixeira de Souza Maison d&#8217;\u00e9dition Juru\u00e1 R\u00e9sum\u00e9: A obra traz, em leitura de f\u00e1cil compreens\u00e3o, uma abordagem direta e objetiva de um dos principais aspectos que revestem a problem\u00e1tica da seguran\u00e7a p\u00fablica no Brasil, cujos apontamentos se debru\u00e7am sobre a responsabilidade dos munic\u00edpios sobre a quest\u00e3o, \u00e0 luz da legisla\u00e7\u00e3o atual e seus posicionamentos divergentes. Ademais, de forma eloquente, a obra em apre\u00e7o demonstra com clareza a legitimidade&hellip; <\/p>\n","protected":false},"author":3,"featured_media":13961,"comment_status":"open","ping_status":"closed","sticky":false,"template":"","format":"standard","meta":{"footnotes":""},"categories":[6,25],"tags":[],"class_list":["post-13960","post","type-post","status-publish","format-standard","has-post-thumbnail","hentry","category-livros","category-seguranca-publica-e-defesa"],"views":160,"_links":{"self":[{"href":"https:\/\/www.bibliotecadeseguranca.com.br\/fr\/wp-json\/wp\/v2\/posts\/13960","targetHints":{"allow":["GET"]}}],"collection":[{"href":"https:\/\/www.bibliotecadeseguranca.com.br\/fr\/wp-json\/wp\/v2\/posts"}],"about":[{"href":"https:\/\/www.bibliotecadeseguranca.com.br\/fr\/wp-json\/wp\/v2\/types\/post"}],"author":[{"embeddable":true,"href":"https:\/\/www.bibliotecadeseguranca.com.br\/fr\/wp-json\/wp\/v2\/users\/3"}],"replies":[{"embeddable":true,"href":"https:\/\/www.bibliotecadeseguranca.com.br\/fr\/wp-json\/wp\/v2\/comments?post=13960"}],"version-history":[{"count":1,"href":"https:\/\/www.bibliotecadeseguranca.com.br\/fr\/wp-json\/wp\/v2\/posts\/13960\/revisions"}],"predecessor-version":[{"id":13962,"href":"https:\/\/www.bibliotecadeseguranca.com.br\/fr\/wp-json\/wp\/v2\/posts\/13960\/revisions\/13962"}],"wp:featuredmedia":[{"embeddable":true,"href":"https:\/\/www.bibliotecadeseguranca.com.br\/fr\/wp-json\/wp\/v2\/media\/13961"}],"wp:attachment":[{"href":"https:\/\/www.bibliotecadeseguranca.com.br\/fr\/wp-json\/wp\/v2\/media?parent=13960"}],"wp:term":[{"taxonomy":"category","embeddable":true,"href":"https:\/\/www.bibliotecadeseguranca.com.br\/fr\/wp-json\/wp\/v2\/categories?post=13960"},{"taxonomy":"post_tag","embeddable":true,"href":"https:\/\/www.bibliotecadeseguranca.com.br\/fr\/wp-json\/wp\/v2\/tags?post=13960"}],"curies":[{"name":"wp","href":"https:\/\/api.w.org\/{rel}","templated":true}]}}