{"id":13954,"date":"2017-05-12T14:00:45","date_gmt":"2017-05-12T17:00:45","guid":{"rendered":"http:\/\/www.bibliotecadeseguranca.com.br\/fr\/?p=13954"},"modified":"2017-05-12T13:35:11","modified_gmt":"2017-05-12T16:35:11","slug":"anuario-2011-de-la-seguridad-regional-en-america-latina-y-el-caribe","status":"publish","type":"post","link":"https:\/\/www.bibliotecadeseguranca.com.br\/fr\/livros\/anuario-2011-de-la-seguridad-regional-en-america-latina-y-el-caribe\/","title":{"rendered":"Anuario 2011 de la Seguridad Regional en Am\u00e9rica Latina y el Caribe"},"content":{"rendered":"<p><span style=\"color: #003366;\"><strong><img loading=\"lazy\" decoding=\"async\" class=\"alignleft size-full wp-image-13955\" src=\"http:\/\/www.bibliotecadeseguranca.com.br\/fr\/wp-content\/uploads\/2017\/05\/Anuario-2011-de-la-Seguridad-Regional-en-Am\u00e9rica-Latina-y-el-Caribe.jpg\" alt=\"Anuario 2011 de la Seguridad Regional en Am\u00e9rica Latina y el Caribe\" width=\"145\" height=\"190\" srcset=\"https:\/\/www.bibliotecadeseguranca.com.br\/fr\/wp-content\/uploads\/2017\/05\/Anuario-2011-de-la-Seguridad-Regional-en-Am\u00e9rica-Latina-y-el-Caribe.jpg 145w, https:\/\/www.bibliotecadeseguranca.com.br\/fr\/wp-content\/uploads\/2017\/05\/Anuario-2011-de-la-Seguridad-Regional-en-Am\u00e9rica-Latina-y-el-Caribe-114x150.jpg 114w\" sizes=\"auto, (max-width: 145px) 100vw, 145px\" \/>Hans Mathieu, Catalina Ni\u00f1o Guarnizo<\/strong><\/span><\/p>\n<p><span style=\"color: #003366;\"><strong>Maison d&#8217;\u00e9dition FES<\/strong><\/span><\/p>\n<p><span style=\"color: #003366;\"><strong>R\u00e9sum\u00e9:<\/strong><\/span> Esta tercera edici\u00f3n del Anuario de seguridad regional del Programa de Cooperaci\u00f3n en Seguridad Regional de la Fundaci\u00f3n Friedrich Ebert contin\u00faa el esfuerzo de los dos anuarios anteriores en las dos l\u00edneas de trabajo del Programa. As\u00ed, la primera parte contin\u00faa el seguimiento de las din\u00e1micas geopol\u00edticas de la regi\u00f3n en materia de seguridad, defensa y pol\u00edtica exterior de los pa\u00edses que hacen parte de ella. La segunda contiene trabajos sobre el fen\u00f3meno del crimen organizado en Am\u00e9rica Latina y sobre algunos de los esfuerzos que se hacen para adecuar la legislaci\u00f3n y los sistemas de justicia de los pa\u00edses para enfrentar la amenaza que dicho fen\u00f3meno representa para la gobernanza democr\u00e1tica en la regi\u00f3n. Estos trabajos han sido realizados en el marco de las actividades desarrolladas por el Observatorio de Crimen Organizado que hace parte del Programa.<\/p>\n<p><a href=\"http:\/\/www.bibliotecadeseguranca.com.br\/wp-content\/uploads\/2017\/05\/20111231_seguridad_regional_en_america_latina_caribe_anuario_2011_LIVRO.pdf\" target=\"_blank\" rel=\"noopener noreferrer\"><img loading=\"lazy\" decoding=\"async\" class=\"alignleft wp-image-12143 size-full\" src=\"http:\/\/www.bibliotecadeseguranca.com.br\/fr\/wp-content\/uploads\/2015\/03\/download_fr.gif\" alt=\"T\u00e9l\u00e9charger\" width=\"107\" height=\"25\" \/><\/a><\/p>\n","protected":false},"excerpt":{"rendered":"<p>Hans Mathieu, Catalina Ni\u00f1o Guarnizo Maison d&#8217;\u00e9dition FES R\u00e9sum\u00e9: Esta tercera edici\u00f3n del Anuario de seguridad regional del Programa de Cooperaci\u00f3n en Seguridad Regional de la Fundaci\u00f3n Friedrich Ebert contin\u00faa el esfuerzo de los dos anuarios anteriores en las dos l\u00edneas de trabajo del Programa. As\u00ed, la primera parte contin\u00faa el seguimiento de las din\u00e1micas geopol\u00edticas de la regi\u00f3n en materia de seguridad, defensa y pol\u00edtica exterior de los pa\u00edses&hellip; <\/p>\n","protected":false},"author":3,"featured_media":13955,"comment_status":"open","ping_status":"closed","sticky":false,"template":"","format":"standard","meta":{"footnotes":""},"categories":[81,6,25,112],"tags":[],"class_list":["post-13954","post","type-post","status-publish","format-standard","has-post-thumbnail","hentry","category-espanol","category-livros","category-seguranca-publica-e-defesa","category-download"],"views":342,"_links":{"self":[{"href":"https:\/\/www.bibliotecadeseguranca.com.br\/fr\/wp-json\/wp\/v2\/posts\/13954","targetHints":{"allow":["GET"]}}],"collection":[{"href":"https:\/\/www.bibliotecadeseguranca.com.br\/fr\/wp-json\/wp\/v2\/posts"}],"about":[{"href":"https:\/\/www.bibliotecadeseguranca.com.br\/fr\/wp-json\/wp\/v2\/types\/post"}],"author":[{"embeddable":true,"href":"https:\/\/www.bibliotecadeseguranca.com.br\/fr\/wp-json\/wp\/v2\/users\/3"}],"replies":[{"embeddable":true,"href":"https:\/\/www.bibliotecadeseguranca.com.br\/fr\/wp-json\/wp\/v2\/comments?post=13954"}],"version-history":[{"count":1,"href":"https:\/\/www.bibliotecadeseguranca.com.br\/fr\/wp-json\/wp\/v2\/posts\/13954\/revisions"}],"predecessor-version":[{"id":13956,"href":"https:\/\/www.bibliotecadeseguranca.com.br\/fr\/wp-json\/wp\/v2\/posts\/13954\/revisions\/13956"}],"wp:featuredmedia":[{"embeddable":true,"href":"https:\/\/www.bibliotecadeseguranca.com.br\/fr\/wp-json\/wp\/v2\/media\/13955"}],"wp:attachment":[{"href":"https:\/\/www.bibliotecadeseguranca.com.br\/fr\/wp-json\/wp\/v2\/media?parent=13954"}],"wp:term":[{"taxonomy":"category","embeddable":true,"href":"https:\/\/www.bibliotecadeseguranca.com.br\/fr\/wp-json\/wp\/v2\/categories?post=13954"},{"taxonomy":"post_tag","embeddable":true,"href":"https:\/\/www.bibliotecadeseguranca.com.br\/fr\/wp-json\/wp\/v2\/tags?post=13954"}],"curies":[{"name":"wp","href":"https:\/\/api.w.org\/{rel}","templated":true}]}}