{"id":13951,"date":"2017-05-11T14:00:33","date_gmt":"2017-05-11T17:00:33","guid":{"rendered":"http:\/\/www.bibliotecadeseguranca.com.br\/fr\/?p=13951"},"modified":"2017-05-11T12:43:10","modified_gmt":"2017-05-11T15:43:10","slug":"praticando-a-gestao-empresarial","status":"publish","type":"post","link":"https:\/\/www.bibliotecadeseguranca.com.br\/fr\/livros\/praticando-a-gestao-empresarial\/","title":{"rendered":"Praticando a Gest\u00e3o Empresarial"},"content":{"rendered":"<p><span style=\"color: #003366;\"><strong><img loading=\"lazy\" decoding=\"async\" class=\"alignleft size-full wp-image-13952\" src=\"http:\/\/www.bibliotecadeseguranca.com.br\/fr\/wp-content\/uploads\/2017\/05\/Praticando-a-Gest\u00e3o-Empresarial.jpg\" alt=\"Praticando a Gest\u00e3o Empresarial\" width=\"145\" height=\"207\" srcset=\"https:\/\/www.bibliotecadeseguranca.com.br\/fr\/wp-content\/uploads\/2017\/05\/Praticando-a-Gest\u00e3o-Empresarial.jpg 145w, https:\/\/www.bibliotecadeseguranca.com.br\/fr\/wp-content\/uploads\/2017\/05\/Praticando-a-Gest\u00e3o-Empresarial-105x150.jpg 105w\" sizes=\"auto, (max-width: 145px) 100vw, 145px\" \/>Wescley Farias Bomfim<\/strong><\/span><\/p>\n<p><span style=\"color: #003366;\"><strong>Maison d&#8217;\u00e9dition Viena<\/strong><\/span><\/p>\n<p><span style=\"color: #003366;\"><strong>R\u00e9sum\u00e9:<\/strong><\/span> A arte de empreender exige muita responsabilidade, sabedoria, al\u00e9m de muita atitude. E geralmente \u00e9 nos momentos de crises profissionais e\/ou financeiras que o senso empreendedor de cada empres\u00e1rio come\u00e7a a despontar para ser colocado em pr\u00e1tica. Ningu\u00e9m nasce empreendedor, mas todos possuem caracter\u00edsticas que podem ser desenvolvidas e colocadas em pr\u00e1tica no dia a dia da vida empresarial. Saber quais s\u00e3o as caracter\u00edsticas empreendedoras que possui e quais s\u00e3o as que necessitam ser mais trabalhadas em si mesmo \u00e9 o primeiro passo para se tornar um grande empreendedor. O livro \u201cPraticando a Gest\u00e3o Empresarial \u2013 A Gest\u00e3o Eficiente e Eficaz de um Neg\u00f3cio\u201d traz de forma pr\u00e1tica os conceitos que os empreendedores necessitam para fazer a gest\u00e3o do seu neg\u00f3cio. Entre os t\u00f3picos abordados no livro est\u00e3o: estabelecimento de metas, planejamento e monitoramento sistem\u00e1tico, riscos calculados, t\u00e9cnicas de reda\u00e7\u00e3o, comportamento organizacional, administra\u00e7\u00e3o familiar, tesouraria, contas a pagar, contas a receber, controladoria &#8211; procedimento pr\u00e1tico, gest\u00e3o de almoxarifado, gest\u00e3o motivacional, convivendo com gestores, gest\u00e3o de alimentos e bebidas (A&amp;B), gest\u00e3o de projetos e eventos, treinamento, treinamento e desenvolvimento, programa\u00e7\u00e3o de treinamentos, rodadas de negocia\u00e7\u00e3o. O livro traz ainda exerc\u00edcios complementares e estudos de casos que visam fixar os conceitos ensinados.<\/p>\n","protected":false},"excerpt":{"rendered":"<p>Wescley Farias Bomfim Maison d&#8217;\u00e9dition Viena R\u00e9sum\u00e9: A arte de empreender exige muita responsabilidade, sabedoria, al\u00e9m de muita atitude. E geralmente \u00e9 nos momentos de crises profissionais e\/ou financeiras que o senso empreendedor de cada empres\u00e1rio come\u00e7a a despontar para ser colocado em pr\u00e1tica. Ningu\u00e9m nasce empreendedor, mas todos possuem caracter\u00edsticas que podem ser desenvolvidas e colocadas em pr\u00e1tica no dia a dia da vida empresarial. Saber quais s\u00e3o as&hellip; <\/p>\n","protected":false},"author":3,"featured_media":13952,"comment_status":"open","ping_status":"closed","sticky":false,"template":"","format":"standard","meta":{"footnotes":""},"categories":[14,6],"tags":[],"class_list":["post-13951","post","type-post","status-publish","format-standard","has-post-thumbnail","hentry","category-administracao-e-estrategia-empresarial","category-livros"],"views":348,"_links":{"self":[{"href":"https:\/\/www.bibliotecadeseguranca.com.br\/fr\/wp-json\/wp\/v2\/posts\/13951","targetHints":{"allow":["GET"]}}],"collection":[{"href":"https:\/\/www.bibliotecadeseguranca.com.br\/fr\/wp-json\/wp\/v2\/posts"}],"about":[{"href":"https:\/\/www.bibliotecadeseguranca.com.br\/fr\/wp-json\/wp\/v2\/types\/post"}],"author":[{"embeddable":true,"href":"https:\/\/www.bibliotecadeseguranca.com.br\/fr\/wp-json\/wp\/v2\/users\/3"}],"replies":[{"embeddable":true,"href":"https:\/\/www.bibliotecadeseguranca.com.br\/fr\/wp-json\/wp\/v2\/comments?post=13951"}],"version-history":[{"count":1,"href":"https:\/\/www.bibliotecadeseguranca.com.br\/fr\/wp-json\/wp\/v2\/posts\/13951\/revisions"}],"predecessor-version":[{"id":13953,"href":"https:\/\/www.bibliotecadeseguranca.com.br\/fr\/wp-json\/wp\/v2\/posts\/13951\/revisions\/13953"}],"wp:featuredmedia":[{"embeddable":true,"href":"https:\/\/www.bibliotecadeseguranca.com.br\/fr\/wp-json\/wp\/v2\/media\/13952"}],"wp:attachment":[{"href":"https:\/\/www.bibliotecadeseguranca.com.br\/fr\/wp-json\/wp\/v2\/media?parent=13951"}],"wp:term":[{"taxonomy":"category","embeddable":true,"href":"https:\/\/www.bibliotecadeseguranca.com.br\/fr\/wp-json\/wp\/v2\/categories?post=13951"},{"taxonomy":"post_tag","embeddable":true,"href":"https:\/\/www.bibliotecadeseguranca.com.br\/fr\/wp-json\/wp\/v2\/tags?post=13951"}],"curies":[{"name":"wp","href":"https:\/\/api.w.org\/{rel}","templated":true}]}}