{"id":13929,"date":"2017-05-01T14:00:28","date_gmt":"2017-05-01T17:00:28","guid":{"rendered":"http:\/\/www.bibliotecadeseguranca.com.br\/fr\/?p=13929"},"modified":"2017-05-01T12:51:09","modified_gmt":"2017-05-01T15:51:09","slug":"la-politique-etrangere-de-securite-et-de-defense-de-lunion-europeenne","status":"publish","type":"post","link":"https:\/\/www.bibliotecadeseguranca.com.br\/fr\/livros\/la-politique-etrangere-de-securite-et-de-defense-de-lunion-europeenne\/","title":{"rendered":"La politique \u00e9trang\u00e8re, de s\u00e9curit\u00e9 et de d\u00e9fense de l&#8217;Union europ\u00e9enne"},"content":{"rendered":"<p><span style=\"color: #003366;\"><strong><img loading=\"lazy\" decoding=\"async\" class=\"alignleft size-full wp-image-13930\" src=\"http:\/\/www.bibliotecadeseguranca.com.br\/fr\/wp-content\/uploads\/2017\/05\/La-politique-etrangere-de-securite.jpg\" alt=\"La politique \u00e9trang\u00e8re, de s\u00e9curit\u00e9 et de d\u00e9fense de l'Union europ\u00e9enne\" width=\"145\" height=\"233\" srcset=\"https:\/\/www.bibliotecadeseguranca.com.br\/fr\/wp-content\/uploads\/2017\/05\/La-politique-etrangere-de-securite.jpg 145w, https:\/\/www.bibliotecadeseguranca.com.br\/fr\/wp-content\/uploads\/2017\/05\/La-politique-etrangere-de-securite-93x150.jpg 93w\" sizes=\"auto, (max-width: 145px) 100vw, 145px\" \/>Fabien Terpan<\/strong><\/span><\/p>\n<p><span style=\"color: #003366;\"><strong>Maison d&#8217;\u00e9dition La Documentation fran\u00e7aise<\/strong><\/span><\/p>\n<p><span style=\"color: #003366;\"><strong>R\u00e9sum\u00e9:<\/strong><\/span> Avec la d\u00e9claration de Laeken en 2001, la politique \u00e9trang\u00e8re de s\u00e9curit\u00e9 et de d\u00e9fense (PESD) est devenue la composante op\u00e9rationnelle de la PESC, avec pour but d&#8217;agir pour la r\u00e9solution de crises, avec des moyens op\u00e9rationnels, civils et militaires. Avec l&#8217;entr\u00e9e en vigueur au 1er d\u00e9cembre 2009 du trait\u00e9 de Lisbonne, la politique \u00e9trang\u00e8re de s\u00e9curit\u00e9 et de d\u00e9fense (PESD) devient la politique de s\u00e9curit\u00e9 et de d\u00e9fense commune (PSDC).<br \/>\nPuissance \u00e9conomique av\u00e9r\u00e9e, l&#8217;Union europ\u00e9enne a plus de difficult\u00e9s \u00e0 s&#8217;imposer comme une puissance politique internationale. Si ses politiques ext\u00e9rieures &#8211; commerciale, relations avec les organisations internationales, aides au d\u00e9veloppement ou humanitaire &#8211; sont d\u00e9cid\u00e9es selon la m\u00e9thode communautaire, (La Commission et le Parlement y jouent un r\u00f4le important) sa politique \u00e9trang\u00e8re, la PESC qui inclut le domaine de la d\u00e9fense continue de relever de la politique intergouvernementale (le Conseil europ\u00e9en est le principal d\u00e9cideur et le principe de l&#8217;unanimit\u00e9 pr\u00e9vaut). C&#8217;est un domaine o\u00f9 les int\u00e9r\u00eats nationaux pr\u00e9valent, o\u00f9 des contradictions se r\u00e9v\u00e8lent souvent entre l&#8217;appartenance \u00e0 l&#8217;OTAN et une position ind\u00e9pendante.<br \/>\nApr\u00e8s un rappel historique de la politique \u00e9trang\u00e8re, de s\u00e9curit\u00e9 et de d\u00e9fense et de sa mise en uvre, l&#8217;ouvrage s&#8217;attache \u00e0 d\u00e9crire ses r\u00e9alisations r\u00e9alis\u00e9es au cours de la d\u00e9cennie \u00e9coul\u00e9e.<\/p>\n","protected":false},"excerpt":{"rendered":"<p>Fabien Terpan Maison d&#8217;\u00e9dition La Documentation fran\u00e7aise R\u00e9sum\u00e9: Avec la d\u00e9claration de Laeken en 2001, la politique \u00e9trang\u00e8re de s\u00e9curit\u00e9 et de d\u00e9fense (PESD) est devenue la composante op\u00e9rationnelle de la PESC, avec pour but d&#8217;agir pour la r\u00e9solution de crises, avec des moyens op\u00e9rationnels, civils et militaires. Avec l&#8217;entr\u00e9e en vigueur au 1er d\u00e9cembre 2009 du trait\u00e9 de Lisbonne, la politique \u00e9trang\u00e8re de s\u00e9curit\u00e9 et de d\u00e9fense (PESD) devient&hellip; <\/p>\n","protected":false},"author":3,"featured_media":13930,"comment_status":"open","ping_status":"closed","sticky":false,"template":"","format":"standard","meta":{"footnotes":""},"categories":[109,6,25],"tags":[],"class_list":["post-13929","post","type-post","status-publish","format-standard","has-post-thumbnail","hentry","category-francais","category-livros","category-seguranca-publica-e-defesa"],"views":232,"_links":{"self":[{"href":"https:\/\/www.bibliotecadeseguranca.com.br\/fr\/wp-json\/wp\/v2\/posts\/13929","targetHints":{"allow":["GET"]}}],"collection":[{"href":"https:\/\/www.bibliotecadeseguranca.com.br\/fr\/wp-json\/wp\/v2\/posts"}],"about":[{"href":"https:\/\/www.bibliotecadeseguranca.com.br\/fr\/wp-json\/wp\/v2\/types\/post"}],"author":[{"embeddable":true,"href":"https:\/\/www.bibliotecadeseguranca.com.br\/fr\/wp-json\/wp\/v2\/users\/3"}],"replies":[{"embeddable":true,"href":"https:\/\/www.bibliotecadeseguranca.com.br\/fr\/wp-json\/wp\/v2\/comments?post=13929"}],"version-history":[{"count":1,"href":"https:\/\/www.bibliotecadeseguranca.com.br\/fr\/wp-json\/wp\/v2\/posts\/13929\/revisions"}],"predecessor-version":[{"id":13931,"href":"https:\/\/www.bibliotecadeseguranca.com.br\/fr\/wp-json\/wp\/v2\/posts\/13929\/revisions\/13931"}],"wp:featuredmedia":[{"embeddable":true,"href":"https:\/\/www.bibliotecadeseguranca.com.br\/fr\/wp-json\/wp\/v2\/media\/13930"}],"wp:attachment":[{"href":"https:\/\/www.bibliotecadeseguranca.com.br\/fr\/wp-json\/wp\/v2\/media?parent=13929"}],"wp:term":[{"taxonomy":"category","embeddable":true,"href":"https:\/\/www.bibliotecadeseguranca.com.br\/fr\/wp-json\/wp\/v2\/categories?post=13929"},{"taxonomy":"post_tag","embeddable":true,"href":"https:\/\/www.bibliotecadeseguranca.com.br\/fr\/wp-json\/wp\/v2\/tags?post=13929"}],"curies":[{"name":"wp","href":"https:\/\/api.w.org\/{rel}","templated":true}]}}