{"id":13922,"date":"2017-04-28T14:00:27","date_gmt":"2017-04-28T17:00:27","guid":{"rendered":"http:\/\/www.bibliotecadeseguranca.com.br\/fr\/?p=13922"},"modified":"2017-05-05T12:08:07","modified_gmt":"2017-05-05T15:08:07","slug":"anuario-2009-de-la-seguridad-regional-en-america-latina-y-el-caribe","status":"publish","type":"post","link":"https:\/\/www.bibliotecadeseguranca.com.br\/fr\/livros\/anuario-2009-de-la-seguridad-regional-en-america-latina-y-el-caribe\/","title":{"rendered":"Anuario 2009 de la Seguridad Regional en Am\u00e9rica Latina y el Caribe"},"content":{"rendered":"<p><span style=\"color: #003366;\"><strong><img loading=\"lazy\" decoding=\"async\" class=\"alignleft size-full wp-image-13923\" src=\"http:\/\/www.bibliotecadeseguranca.com.br\/fr\/wp-content\/uploads\/2017\/04\/Anuario-2009-de-la-Seguridad-Regional-en-Am\u00e9rica-Latina-y-el-Caribe.jpg\" alt=\"Anuario 2009 de la Seguridad Regional en Am\u00e9rica Latina y el Caribe\" width=\"145\" height=\"190\" srcset=\"https:\/\/www.bibliotecadeseguranca.com.br\/fr\/wp-content\/uploads\/2017\/04\/Anuario-2009-de-la-Seguridad-Regional-en-Am\u00e9rica-Latina-y-el-Caribe.jpg 145w, https:\/\/www.bibliotecadeseguranca.com.br\/fr\/wp-content\/uploads\/2017\/04\/Anuario-2009-de-la-Seguridad-Regional-en-Am\u00e9rica-Latina-y-el-Caribe-114x150.jpg 114w\" sizes=\"auto, (max-width: 145px) 100vw, 145px\" \/>Hans Mathieu, Paula Rodriguez Arredondo<\/strong><\/span><\/p>\n<p><span style=\"color: #003366;\"><strong>Maison d&#8217;\u00e9dition FES<\/strong><\/span><\/p>\n<p><span style=\"color: #003366;\"><strong>R\u00e9sum\u00e9:<\/strong><\/span> El Programa de Cooperaci\u00f3n en Seguridad Regional de la Fundaci\u00f3n Friedrich Ebert presenta la primera edici\u00f3n del Anuario de la Seguridad Regional, que analiza los principales datos sobre la seguridad interna y externa de los pa\u00edses y\/o subregiones de Am\u00e9rica Latina y el Caribe. El contenido del Anuario refleja la estructura y las actividades del programa. La mayor\u00eda de los art\u00edculos espec\u00edficos para cada pa\u00eds han sido elaborados por los coordinadores de los grupos de trabajo nacionales, que existen en buena parte de los pa\u00edses de la regi\u00f3n o en sus subregiones: Argentina, Chile, Uruguay, Brasil, Per\u00fa, Ecuador, Colombia, Venezuela, M\u00e9xico y Am\u00e9rica Central.<\/p>\n<p><a href=\"http:\/\/www.bibliotecadeseguranca.com.br\/wp-content\/uploads\/2017\/04\/20091231_seguridad_regional_en_america_latina_caribe_anuario_2009_LIVRO.pdf\" target=\"_blank\" rel=\"noopener noreferrer\"><img loading=\"lazy\" decoding=\"async\" class=\"alignleft wp-image-12143 size-full\" src=\"http:\/\/www.bibliotecadeseguranca.com.br\/fr\/wp-content\/uploads\/2015\/03\/download_fr.gif\" alt=\"T\u00e9l\u00e9charger\" width=\"107\" height=\"25\" \/><\/a><\/p>\n","protected":false},"excerpt":{"rendered":"<p>Hans Mathieu, Paula Rodriguez Arredondo Maison d&#8217;\u00e9dition FES R\u00e9sum\u00e9: El Programa de Cooperaci\u00f3n en Seguridad Regional de la Fundaci\u00f3n Friedrich Ebert presenta la primera edici\u00f3n del Anuario de la Seguridad Regional, que analiza los principales datos sobre la seguridad interna y externa de los pa\u00edses y\/o subregiones de Am\u00e9rica Latina y el Caribe. El contenido del Anuario refleja la estructura y las actividades del programa. La mayor\u00eda de los art\u00edculos&hellip; <\/p>\n","protected":false},"author":3,"featured_media":13923,"comment_status":"open","ping_status":"closed","sticky":false,"template":"","format":"standard","meta":{"footnotes":""},"categories":[81,6,25,112],"tags":[],"class_list":["post-13922","post","type-post","status-publish","format-standard","has-post-thumbnail","hentry","category-espanol","category-livros","category-seguranca-publica-e-defesa","category-download"],"views":240,"_links":{"self":[{"href":"https:\/\/www.bibliotecadeseguranca.com.br\/fr\/wp-json\/wp\/v2\/posts\/13922","targetHints":{"allow":["GET"]}}],"collection":[{"href":"https:\/\/www.bibliotecadeseguranca.com.br\/fr\/wp-json\/wp\/v2\/posts"}],"about":[{"href":"https:\/\/www.bibliotecadeseguranca.com.br\/fr\/wp-json\/wp\/v2\/types\/post"}],"author":[{"embeddable":true,"href":"https:\/\/www.bibliotecadeseguranca.com.br\/fr\/wp-json\/wp\/v2\/users\/3"}],"replies":[{"embeddable":true,"href":"https:\/\/www.bibliotecadeseguranca.com.br\/fr\/wp-json\/wp\/v2\/comments?post=13922"}],"version-history":[{"count":1,"href":"https:\/\/www.bibliotecadeseguranca.com.br\/fr\/wp-json\/wp\/v2\/posts\/13922\/revisions"}],"predecessor-version":[{"id":13924,"href":"https:\/\/www.bibliotecadeseguranca.com.br\/fr\/wp-json\/wp\/v2\/posts\/13922\/revisions\/13924"}],"wp:featuredmedia":[{"embeddable":true,"href":"https:\/\/www.bibliotecadeseguranca.com.br\/fr\/wp-json\/wp\/v2\/media\/13923"}],"wp:attachment":[{"href":"https:\/\/www.bibliotecadeseguranca.com.br\/fr\/wp-json\/wp\/v2\/media?parent=13922"}],"wp:term":[{"taxonomy":"category","embeddable":true,"href":"https:\/\/www.bibliotecadeseguranca.com.br\/fr\/wp-json\/wp\/v2\/categories?post=13922"},{"taxonomy":"post_tag","embeddable":true,"href":"https:\/\/www.bibliotecadeseguranca.com.br\/fr\/wp-json\/wp\/v2\/tags?post=13922"}],"curies":[{"name":"wp","href":"https:\/\/api.w.org\/{rel}","templated":true}]}}