{"id":13913,"date":"2017-04-24T14:00:35","date_gmt":"2017-04-24T17:00:35","guid":{"rendered":"http:\/\/www.bibliotecadeseguranca.com.br\/fr\/?p=13913"},"modified":"2017-04-24T12:25:36","modified_gmt":"2017-04-24T15:25:36","slug":"o-elo-mais-fraco-da-seguranca-da-informacao","status":"publish","type":"post","link":"https:\/\/www.bibliotecadeseguranca.com.br\/fr\/livros\/o-elo-mais-fraco-da-seguranca-da-informacao\/","title":{"rendered":"O Elo mais Fraco da Seguran\u00e7a da Informa\u00e7\u00e3o"},"content":{"rendered":"<p><span style=\"color: #003366;\"><strong><img loading=\"lazy\" decoding=\"async\" class=\"alignleft size-full wp-image-13914\" src=\"http:\/\/www.bibliotecadeseguranca.com.br\/fr\/wp-content\/uploads\/2017\/04\/O-Elo-mais-Fraco-da-Seguran\u00e7a-da-Informa\u00e7\u00e3o.jpg\" alt=\"O Elo mais Fraco da Seguran\u00e7a da Informa\u00e7\u00e3o\" width=\"145\" height=\"235\" srcset=\"https:\/\/www.bibliotecadeseguranca.com.br\/fr\/wp-content\/uploads\/2017\/04\/O-Elo-mais-Fraco-da-Seguran\u00e7a-da-Informa\u00e7\u00e3o.jpg 145w, https:\/\/www.bibliotecadeseguranca.com.br\/fr\/wp-content\/uploads\/2017\/04\/O-Elo-mais-Fraco-da-Seguran\u00e7a-da-Informa\u00e7\u00e3o-93x150.jpg 93w\" sizes=\"auto, (max-width: 145px) 100vw, 145px\" \/>Carlos Alberto Silva<\/strong><\/span><\/p>\n<p><span style=\"color: #003366;\"><strong>R\u00e9sum\u00e9:<\/strong><\/span> Este livro aborda diversos mecanismos de prote\u00e7\u00e3o a dados pessoais e organizacionais e apresenta o principal desafio da seguran\u00e7a da informa\u00e7\u00e3o. \u00c9 direcionado n\u00e3o s\u00f3 aos profissionais de TI e Seguran\u00e7a da Informa\u00e7\u00e3o, mas tamb\u00e9m a todas as pessoas que desejam dar prote\u00e7\u00e3o a seus dados profissionais ou pessoais. Dentre os principais assuntos abordados no livro est\u00e3o: Valor da informa\u00e7\u00e3o para pessoas, organiza\u00e7\u00f5es e entidades virtuais; Seguran\u00e7a da informa\u00e7\u00e3o e suas caracter\u00edsticas; Seguran\u00e7a da informa\u00e7\u00e3o em sistemas; O elo mais fraco da seguran\u00e7a da informa\u00e7\u00e3o e formas de mitiga\u00e7\u00e3o de riscos; E seguran\u00e7a de informa\u00e7\u00f5es pessoais e corporativas.<br \/>\nA informa\u00e7\u00e3o representa a base de todo desenvolvimento e avan\u00e7o realizado por pessoas, organiza\u00e7\u00f5es, cidades, estados e na\u00e7\u00f5es. Sem informa\u00e7\u00e3o o ser humano e as organiza\u00e7\u00f5es n\u00e3o conseguem realizar nada e n\u00e3o chegam a lugar algum. \u00c9 por meio da informa\u00e7\u00e3o que as pessoas se qualificam, as organiza\u00e7\u00f5es se desenvolvem, os cientistas avan\u00e7am em suas pesquisas, cidades, estados e pa\u00edses conseguem obter progresso para a popula\u00e7\u00e3o, dentre outras situa\u00e7\u00f5es.<br \/>\nDa mesma maneira que \u00e9 poss\u00edvel conseguir grandes avan\u00e7os por meio da informa\u00e7\u00e3o, o uso indevido desta permite tamb\u00e9m a causa de grandes preju\u00edzos para as pessoas e entidades em geral. \u00c9 por meio do uso indevido da informa\u00e7\u00e3o que organiza\u00e7\u00f5es v\u00e3o \u00e0 fal\u00eancia, fam\u00edlias s\u00e3o destru\u00eddas, empresas, pol\u00edticos e pessoas arranham suas imagens, profissionais ficam desempregados, empresas sofrem preju\u00edzos, crian\u00e7as e adolescentes desenvolvem traumas, etc.<\/p>\n","protected":false},"excerpt":{"rendered":"<p>Carlos Alberto Silva R\u00e9sum\u00e9: Este livro aborda diversos mecanismos de prote\u00e7\u00e3o a dados pessoais e organizacionais e apresenta o principal desafio da seguran\u00e7a da informa\u00e7\u00e3o. \u00c9 direcionado n\u00e3o s\u00f3 aos profissionais de TI e Seguran\u00e7a da Informa\u00e7\u00e3o, mas tamb\u00e9m a todas as pessoas que desejam dar prote\u00e7\u00e3o a seus dados profissionais ou pessoais. Dentre os principais assuntos abordados no livro est\u00e3o: Valor da informa\u00e7\u00e3o para pessoas, organiza\u00e7\u00f5es e entidades virtuais;&hellip; <\/p>\n","protected":false},"author":3,"featured_media":13914,"comment_status":"open","ping_status":"closed","sticky":false,"template":"","format":"standard","meta":{"footnotes":""},"categories":[6,20],"tags":[],"class_list":["post-13913","post","type-post","status-publish","format-standard","has-post-thumbnail","hentry","category-livros","category-seguranca-da-informacao"],"views":283,"_links":{"self":[{"href":"https:\/\/www.bibliotecadeseguranca.com.br\/fr\/wp-json\/wp\/v2\/posts\/13913","targetHints":{"allow":["GET"]}}],"collection":[{"href":"https:\/\/www.bibliotecadeseguranca.com.br\/fr\/wp-json\/wp\/v2\/posts"}],"about":[{"href":"https:\/\/www.bibliotecadeseguranca.com.br\/fr\/wp-json\/wp\/v2\/types\/post"}],"author":[{"embeddable":true,"href":"https:\/\/www.bibliotecadeseguranca.com.br\/fr\/wp-json\/wp\/v2\/users\/3"}],"replies":[{"embeddable":true,"href":"https:\/\/www.bibliotecadeseguranca.com.br\/fr\/wp-json\/wp\/v2\/comments?post=13913"}],"version-history":[{"count":1,"href":"https:\/\/www.bibliotecadeseguranca.com.br\/fr\/wp-json\/wp\/v2\/posts\/13913\/revisions"}],"predecessor-version":[{"id":13915,"href":"https:\/\/www.bibliotecadeseguranca.com.br\/fr\/wp-json\/wp\/v2\/posts\/13913\/revisions\/13915"}],"wp:featuredmedia":[{"embeddable":true,"href":"https:\/\/www.bibliotecadeseguranca.com.br\/fr\/wp-json\/wp\/v2\/media\/13914"}],"wp:attachment":[{"href":"https:\/\/www.bibliotecadeseguranca.com.br\/fr\/wp-json\/wp\/v2\/media?parent=13913"}],"wp:term":[{"taxonomy":"category","embeddable":true,"href":"https:\/\/www.bibliotecadeseguranca.com.br\/fr\/wp-json\/wp\/v2\/categories?post=13913"},{"taxonomy":"post_tag","embeddable":true,"href":"https:\/\/www.bibliotecadeseguranca.com.br\/fr\/wp-json\/wp\/v2\/tags?post=13913"}],"curies":[{"name":"wp","href":"https:\/\/api.w.org\/{rel}","templated":true}]}}