{"id":13897,"date":"2017-04-17T14:00:12","date_gmt":"2017-04-17T17:00:12","guid":{"rendered":"http:\/\/www.bibliotecadeseguranca.com.br\/fr\/?p=13897"},"modified":"2017-04-17T09:16:13","modified_gmt":"2017-04-17T12:16:13","slug":"la-arquitectura-de-la-violencia-y-la-seguridad-en-america-latina","status":"publish","type":"post","link":"https:\/\/www.bibliotecadeseguranca.com.br\/fr\/livros\/la-arquitectura-de-la-violencia-y-la-seguridad-en-america-latina\/","title":{"rendered":"La arquitectura de la violencia y la seguridad en Am\u00e9rica Latina"},"content":{"rendered":"<p><span style=\"color: #003366;\"><strong><img loading=\"lazy\" decoding=\"async\" class=\"alignleft size-full wp-image-13898\" src=\"http:\/\/www.bibliotecadeseguranca.com.br\/fr\/wp-content\/uploads\/2017\/04\/La-arquitectura-de-la-violencia-y-la-seguridad-en-Am\u00e9rica-Latina.jpg\" alt=\"La arquitectura de la violencia y la seguridad en Am\u00e9rica Latina\" width=\"145\" height=\"224\" srcset=\"https:\/\/www.bibliotecadeseguranca.com.br\/fr\/wp-content\/uploads\/2017\/04\/La-arquitectura-de-la-violencia-y-la-seguridad-en-Am\u00e9rica-Latina.jpg 145w, https:\/\/www.bibliotecadeseguranca.com.br\/fr\/wp-content\/uploads\/2017\/04\/La-arquitectura-de-la-violencia-y-la-seguridad-en-Am\u00e9rica-Latina-97x150.jpg 97w\" sizes=\"auto, (max-width: 145px) 100vw, 145px\" \/>Jer\u00f3nimo R\u00edos Sierra<\/strong><\/span><\/p>\n<p><span style=\"color: #003366;\"><strong>Maison d&#8217;\u00e9dition Catarata<\/strong><\/span><\/p>\n<p><span style=\"color: #003366;\"><strong>R\u00e9sum\u00e9:<\/strong><\/span> Am\u00e9rica Latina es un escenario geopol\u00edticamente interesante. Tiene m\u00e1s de seiscientos millones de habitantes, ostenta grandes recursos naturales, est\u00e1 atravesado por din\u00e1micas pol\u00edticas y econ\u00f3micas en constante transformaci\u00f3n y presenta niveles de crecimiento sorprendentes, as\u00ed como problemas socioecon\u00f3micos irresolutos. Pero la cuesti\u00f3n de la violencia y la inseguridad en Am\u00e9rica Latina merece un an\u00e1lisis aparte, ya que sobresale dentro del sistema internacional como una regi\u00f3n de paz. En sentido estricto, la violencia directa interestatal ha sido la gran ausente a lo largo de estas \u00faltimas d\u00e9cadas de manera tal que, en ausencia de conflictos interestatales, las tensiones, m\u00e1s bien, se han producido fruto del enquistamiento de disputas y reivindicaciones de \u00edndole territorial y fronteriza. Aun as\u00ed, se trata de un fen\u00f3meno compartido en todo el continente, donde las respuestas, tan distintas como sus causas y consecuencias, se proyectan a distinta velocidad dependiendo del pa\u00eds o la regi\u00f3n.<\/p>\n","protected":false},"excerpt":{"rendered":"<p>Jer\u00f3nimo R\u00edos Sierra Maison d&#8217;\u00e9dition Catarata R\u00e9sum\u00e9: Am\u00e9rica Latina es un escenario geopol\u00edticamente interesante. Tiene m\u00e1s de seiscientos millones de habitantes, ostenta grandes recursos naturales, est\u00e1 atravesado por din\u00e1micas pol\u00edticas y econ\u00f3micas en constante transformaci\u00f3n y presenta niveles de crecimiento sorprendentes, as\u00ed como problemas socioecon\u00f3micos irresolutos. Pero la cuesti\u00f3n de la violencia y la inseguridad en Am\u00e9rica Latina merece un an\u00e1lisis aparte, ya que sobresale dentro del sistema internacional como&hellip; <\/p>\n","protected":false},"author":3,"featured_media":13898,"comment_status":"open","ping_status":"closed","sticky":false,"template":"","format":"standard","meta":{"footnotes":""},"categories":[81,6,25],"tags":[],"class_list":["post-13897","post","type-post","status-publish","format-standard","has-post-thumbnail","hentry","category-espanol","category-livros","category-seguranca-publica-e-defesa"],"views":216,"_links":{"self":[{"href":"https:\/\/www.bibliotecadeseguranca.com.br\/fr\/wp-json\/wp\/v2\/posts\/13897","targetHints":{"allow":["GET"]}}],"collection":[{"href":"https:\/\/www.bibliotecadeseguranca.com.br\/fr\/wp-json\/wp\/v2\/posts"}],"about":[{"href":"https:\/\/www.bibliotecadeseguranca.com.br\/fr\/wp-json\/wp\/v2\/types\/post"}],"author":[{"embeddable":true,"href":"https:\/\/www.bibliotecadeseguranca.com.br\/fr\/wp-json\/wp\/v2\/users\/3"}],"replies":[{"embeddable":true,"href":"https:\/\/www.bibliotecadeseguranca.com.br\/fr\/wp-json\/wp\/v2\/comments?post=13897"}],"version-history":[{"count":1,"href":"https:\/\/www.bibliotecadeseguranca.com.br\/fr\/wp-json\/wp\/v2\/posts\/13897\/revisions"}],"predecessor-version":[{"id":13899,"href":"https:\/\/www.bibliotecadeseguranca.com.br\/fr\/wp-json\/wp\/v2\/posts\/13897\/revisions\/13899"}],"wp:featuredmedia":[{"embeddable":true,"href":"https:\/\/www.bibliotecadeseguranca.com.br\/fr\/wp-json\/wp\/v2\/media\/13898"}],"wp:attachment":[{"href":"https:\/\/www.bibliotecadeseguranca.com.br\/fr\/wp-json\/wp\/v2\/media?parent=13897"}],"wp:term":[{"taxonomy":"category","embeddable":true,"href":"https:\/\/www.bibliotecadeseguranca.com.br\/fr\/wp-json\/wp\/v2\/categories?post=13897"},{"taxonomy":"post_tag","embeddable":true,"href":"https:\/\/www.bibliotecadeseguranca.com.br\/fr\/wp-json\/wp\/v2\/tags?post=13897"}],"curies":[{"name":"wp","href":"https:\/\/api.w.org\/{rel}","templated":true}]}}