{"id":13891,"date":"2017-04-14T14:00:29","date_gmt":"2017-04-14T17:00:29","guid":{"rendered":"http:\/\/www.bibliotecadeseguranca.com.br\/fr\/?p=13891"},"modified":"2017-04-14T13:16:02","modified_gmt":"2017-04-14T16:16:02","slug":"la-defense-europeenne","status":"publish","type":"post","link":"https:\/\/www.bibliotecadeseguranca.com.br\/fr\/livros\/la-defense-europeenne\/","title":{"rendered":"La d\u00e9fense europ\u00e9enne"},"content":{"rendered":"<p><span style=\"color: #003366;\"><strong><img loading=\"lazy\" decoding=\"async\" class=\"alignleft size-full wp-image-13892\" src=\"http:\/\/www.bibliotecadeseguranca.com.br\/fr\/wp-content\/uploads\/2017\/04\/La-d\u00e9fense-europ\u00e9enne.jpg\" alt=\"La d\u00e9fense europ\u00e9enne\" width=\"145\" height=\"247\" srcset=\"https:\/\/www.bibliotecadeseguranca.com.br\/fr\/wp-content\/uploads\/2017\/04\/La-d\u00e9fense-europ\u00e9enne.jpg 145w, https:\/\/www.bibliotecadeseguranca.com.br\/fr\/wp-content\/uploads\/2017\/04\/La-d\u00e9fense-europ\u00e9enne-88x150.jpg 88w\" sizes=\"auto, (max-width: 145px) 100vw, 145px\" \/>Samuel B.H. Faure<\/strong><\/span><\/p>\n<p><span style=\"color: #003366;\"><strong>Maison d&#8217;\u00e9dition Ath\u00e9na<\/strong><\/span><\/p>\n<p><span style=\"color: #003366;\"><strong>R\u00e9sum\u00e9:<\/strong><\/span> Dans le d\u00e9bat public, le politique et le citoyen per\u00e7oivent g\u00e9n\u00e9ralement la d\u00e9fense europ\u00e9enne comme un id\u00e9al \u00e0 atteindre ou une absurdit\u00e9 \u00e0 combattre. Pour le savant, la d\u00e9fense europ\u00e9enne est d&#8217;ordi\u00adnaire pens\u00e9e comme un instrument politique. Cet ouvrage propose une autre lecture de la politique de d\u00e9fense en la consid\u00e9rant comme un fait social. Par une approche de sociologie politique, il s&#8217;agit de partir \u00e0 la recherche des clivages qui structurent le champ de la s\u00e9curit\u00e9 europ\u00e9enne. Pour ce faire, l&#8217;analyse porte sur la mani\u00e8re dont les agents militaires, politiques et administratifs per\u00e7oivent le r\u00f4le des institutions politico-militaires et l&#8217;usage de la force. Trois espaces de socialisation fa\u00e7onnent cette culture strat\u00e9gique : la nation, la profession et les institu\u00adtions europ\u00e9ennes. S&#8217;appuyant sur une enqu\u00eate par entretiens et questionnaires, Samuel B. H. Faure d\u00e9montre l&#8217;\u00e9mergence d&#8217;une culture strat\u00e9gique commune et propre aux agents de la d\u00e9fense europ\u00e9enne, non r\u00e9ductible \u00e0 leurs pr\u00e9f\u00e9rences nationales. Ce r\u00e9sultat inattendu s&#8217;explique par l&#8217;effet de la fonction professionnelle qu&#8217;ils occupent et des institutions europ\u00e9ennes au sein desquelles ils agissent. Ce livre contribue \u00e0 la th\u00e9orie des relations internationales en y int\u00e9grant la sociologie des champs et d\u00e9passe l&#8217;opposition entre \u00c9tat et Europe, par l&#8217;enchev\u00eatrement des appartenances nationales et trans\u00adnationales des agents de la d\u00e9fense europ\u00e9enne.<\/p>\n","protected":false},"excerpt":{"rendered":"<p>Samuel B.H. Faure Maison d&#8217;\u00e9dition Ath\u00e9na R\u00e9sum\u00e9: Dans le d\u00e9bat public, le politique et le citoyen per\u00e7oivent g\u00e9n\u00e9ralement la d\u00e9fense europ\u00e9enne comme un id\u00e9al \u00e0 atteindre ou une absurdit\u00e9 \u00e0 combattre. Pour le savant, la d\u00e9fense europ\u00e9enne est d&#8217;ordi\u00adnaire pens\u00e9e comme un instrument politique. Cet ouvrage propose une autre lecture de la politique de d\u00e9fense en la consid\u00e9rant comme un fait social. Par une approche de sociologie politique, il s&#8217;agit&hellip; <\/p>\n","protected":false},"author":3,"featured_media":13892,"comment_status":"closed","ping_status":"closed","sticky":false,"template":"","format":"standard","meta":{"footnotes":""},"categories":[109,6,25],"tags":[],"class_list":["post-13891","post","type-post","status-publish","format-standard","has-post-thumbnail","hentry","category-francais","category-livros","category-seguranca-publica-e-defesa"],"views":282,"_links":{"self":[{"href":"https:\/\/www.bibliotecadeseguranca.com.br\/fr\/wp-json\/wp\/v2\/posts\/13891","targetHints":{"allow":["GET"]}}],"collection":[{"href":"https:\/\/www.bibliotecadeseguranca.com.br\/fr\/wp-json\/wp\/v2\/posts"}],"about":[{"href":"https:\/\/www.bibliotecadeseguranca.com.br\/fr\/wp-json\/wp\/v2\/types\/post"}],"author":[{"embeddable":true,"href":"https:\/\/www.bibliotecadeseguranca.com.br\/fr\/wp-json\/wp\/v2\/users\/3"}],"replies":[{"embeddable":true,"href":"https:\/\/www.bibliotecadeseguranca.com.br\/fr\/wp-json\/wp\/v2\/comments?post=13891"}],"version-history":[{"count":1,"href":"https:\/\/www.bibliotecadeseguranca.com.br\/fr\/wp-json\/wp\/v2\/posts\/13891\/revisions"}],"predecessor-version":[{"id":13893,"href":"https:\/\/www.bibliotecadeseguranca.com.br\/fr\/wp-json\/wp\/v2\/posts\/13891\/revisions\/13893"}],"wp:featuredmedia":[{"embeddable":true,"href":"https:\/\/www.bibliotecadeseguranca.com.br\/fr\/wp-json\/wp\/v2\/media\/13892"}],"wp:attachment":[{"href":"https:\/\/www.bibliotecadeseguranca.com.br\/fr\/wp-json\/wp\/v2\/media?parent=13891"}],"wp:term":[{"taxonomy":"category","embeddable":true,"href":"https:\/\/www.bibliotecadeseguranca.com.br\/fr\/wp-json\/wp\/v2\/categories?post=13891"},{"taxonomy":"post_tag","embeddable":true,"href":"https:\/\/www.bibliotecadeseguranca.com.br\/fr\/wp-json\/wp\/v2\/tags?post=13891"}],"curies":[{"name":"wp","href":"https:\/\/api.w.org\/{rel}","templated":true}]}}