{"id":13867,"date":"2017-04-04T14:00:53","date_gmt":"2017-04-04T17:00:53","guid":{"rendered":"http:\/\/www.bibliotecadeseguranca.com.br\/fr\/?p=13867"},"modified":"2017-04-03T12:29:35","modified_gmt":"2017-04-03T15:29:35","slug":"criminologia-tridimensional","status":"publish","type":"post","link":"https:\/\/www.bibliotecadeseguranca.com.br\/fr\/livros\/criminologia-tridimensional\/","title":{"rendered":"Criminologia Tridimensional"},"content":{"rendered":"<p><span style=\"color: #003366;\"><strong><img loading=\"lazy\" decoding=\"async\" class=\"alignleft size-full wp-image-13868\" src=\"http:\/\/www.bibliotecadeseguranca.com.br\/fr\/wp-content\/uploads\/2017\/04\/Criminologia-Tridimensional.jpg\" alt=\"Criminologia Tridimensional\" width=\"145\" height=\"206\" srcset=\"https:\/\/www.bibliotecadeseguranca.com.br\/fr\/wp-content\/uploads\/2017\/04\/Criminologia-Tridimensional.jpg 145w, https:\/\/www.bibliotecadeseguranca.com.br\/fr\/wp-content\/uploads\/2017\/04\/Criminologia-Tridimensional-106x150.jpg 106w\" sizes=\"auto, (max-width: 145px) 100vw, 145px\" \/>Sandro Vergal<\/strong><\/span><\/p>\n<p><span style=\"color: #003366;\"><strong>Maison d&#8217;\u00e9dition Juru\u00e1<\/strong><\/span><\/p>\n<p><span style=\"color: #003366;\"><strong>R\u00e9sum\u00e9:<\/strong><\/span> O presente livro objetiva, por meio de uma pesquisa bibliogr\u00e1fica e documental, esmiu\u00e7ar o direito \u00e0 seguran\u00e7a p\u00fablica eficiente, enquanto Direito Fundamental Social, analisando seu tratamento jur\u00eddico no ordenamento brasileiro, suas consequ\u00eancias e desafios em uma sociedade globalizada.<br \/>\nEstabelece como pressuposto a imperiosa necessidade do Estado laborar no sentido de estabelecer pol\u00edticas p\u00fablicas capazes de conferir seguran\u00e7a ao cidad\u00e3o, aliada \u00e0 produ\u00e7\u00e3o normativo-penal eficiente, amplamente lastreada em estudos cient\u00edficos e estribada nos anseios sociais.<br \/>\nAs condutas criminosas s\u00e3o fen\u00f4menos complexos, inerentes \u00e0 vida social, assim sendo, n\u00e3o podem ser adequadamente compreendidas somente por um \u00fanico enfoque, mas sim, pela lente do am\u00e1lgama das contribui\u00e7\u00f5es de diversos ramos do saber humano, cada qual com sua finalidade, m\u00e9todo e enfoque peculiar.<br \/>\nO estudo apresenta relev\u00e2ncia na medida em que os n\u00fameros crescentes da viol\u00eancia urbana demonstram a omiss\u00e3o estatal nesta \u00e1rea, al\u00e9m da pulveriza\u00e7\u00e3o de medidas in\u00f3cuas, puramente midi\u00e1ticas, desprovidas de embasamento t\u00e9cnico-cient\u00edfico e com consequ\u00eancias pr\u00e1ticas quase nulas no universo jur\u00eddico.<\/p>\n","protected":false},"excerpt":{"rendered":"<p>Sandro Vergal Maison d&#8217;\u00e9dition Juru\u00e1 R\u00e9sum\u00e9: O presente livro objetiva, por meio de uma pesquisa bibliogr\u00e1fica e documental, esmiu\u00e7ar o direito \u00e0 seguran\u00e7a p\u00fablica eficiente, enquanto Direito Fundamental Social, analisando seu tratamento jur\u00eddico no ordenamento brasileiro, suas consequ\u00eancias e desafios em uma sociedade globalizada. Estabelece como pressuposto a imperiosa necessidade do Estado laborar no sentido de estabelecer pol\u00edticas p\u00fablicas capazes de conferir seguran\u00e7a ao cidad\u00e3o, aliada \u00e0 produ\u00e7\u00e3o normativo-penal eficiente,&hellip; <\/p>\n","protected":false},"author":3,"featured_media":13868,"comment_status":"open","ping_status":"closed","sticky":false,"template":"","format":"standard","meta":{"footnotes":""},"categories":[10,6],"tags":[],"class_list":["post-13867","post","type-post","status-publish","format-standard","has-post-thumbnail","hentry","category-crime-violencia-e-criminologia","category-livros"],"views":220,"_links":{"self":[{"href":"https:\/\/www.bibliotecadeseguranca.com.br\/fr\/wp-json\/wp\/v2\/posts\/13867","targetHints":{"allow":["GET"]}}],"collection":[{"href":"https:\/\/www.bibliotecadeseguranca.com.br\/fr\/wp-json\/wp\/v2\/posts"}],"about":[{"href":"https:\/\/www.bibliotecadeseguranca.com.br\/fr\/wp-json\/wp\/v2\/types\/post"}],"author":[{"embeddable":true,"href":"https:\/\/www.bibliotecadeseguranca.com.br\/fr\/wp-json\/wp\/v2\/users\/3"}],"replies":[{"embeddable":true,"href":"https:\/\/www.bibliotecadeseguranca.com.br\/fr\/wp-json\/wp\/v2\/comments?post=13867"}],"version-history":[{"count":1,"href":"https:\/\/www.bibliotecadeseguranca.com.br\/fr\/wp-json\/wp\/v2\/posts\/13867\/revisions"}],"predecessor-version":[{"id":13869,"href":"https:\/\/www.bibliotecadeseguranca.com.br\/fr\/wp-json\/wp\/v2\/posts\/13867\/revisions\/13869"}],"wp:featuredmedia":[{"embeddable":true,"href":"https:\/\/www.bibliotecadeseguranca.com.br\/fr\/wp-json\/wp\/v2\/media\/13868"}],"wp:attachment":[{"href":"https:\/\/www.bibliotecadeseguranca.com.br\/fr\/wp-json\/wp\/v2\/media?parent=13867"}],"wp:term":[{"taxonomy":"category","embeddable":true,"href":"https:\/\/www.bibliotecadeseguranca.com.br\/fr\/wp-json\/wp\/v2\/categories?post=13867"},{"taxonomy":"post_tag","embeddable":true,"href":"https:\/\/www.bibliotecadeseguranca.com.br\/fr\/wp-json\/wp\/v2\/tags?post=13867"}],"curies":[{"name":"wp","href":"https:\/\/api.w.org\/{rel}","templated":true}]}}