{"id":13858,"date":"2017-03-31T14:00:39","date_gmt":"2017-03-31T17:00:39","guid":{"rendered":"http:\/\/www.bibliotecadeseguranca.com.br\/fr\/?p=13858"},"modified":"2017-03-31T07:45:05","modified_gmt":"2017-03-31T10:45:05","slug":"securite-et-defense-face-au-respect-de-la-vie-privee-quel-equilibre","status":"publish","type":"post","link":"https:\/\/www.bibliotecadeseguranca.com.br\/fr\/livros\/securite-et-defense-face-au-respect-de-la-vie-privee-quel-equilibre\/","title":{"rendered":"S\u00e9curit\u00e9 et d\u00e9fense face au respect de la vie priv\u00e9e: Quel \u00e9quilibre?"},"content":{"rendered":"<p><span style=\"color: #003366;\"><strong><img loading=\"lazy\" decoding=\"async\" class=\"alignleft size-full wp-image-13859\" src=\"http:\/\/www.bibliotecadeseguranca.com.br\/fr\/wp-content\/uploads\/2017\/03\/S\u00e9curit\u00e9-et-d\u00e9fense-face-au-respect-de-la-vie-priv\u00e9e-Quel-\u00e9quilibre.jpg\" alt=\"S\u00e9curit\u00e9 et d\u00e9fense face au respect de la vie priv\u00e9e: Quel \u00e9quilibre?\" width=\"145\" height=\"212\" srcset=\"https:\/\/www.bibliotecadeseguranca.com.br\/fr\/wp-content\/uploads\/2017\/03\/S\u00e9curit\u00e9-et-d\u00e9fense-face-au-respect-de-la-vie-priv\u00e9e-Quel-\u00e9quilibre.jpg 145w, https:\/\/www.bibliotecadeseguranca.com.br\/fr\/wp-content\/uploads\/2017\/03\/S\u00e9curit\u00e9-et-d\u00e9fense-face-au-respect-de-la-vie-priv\u00e9e-Quel-\u00e9quilibre-103x150.jpg 103w\" sizes=\"auto, (max-width: 145px) 100vw, 145px\" \/>Batoul Betty Merhi<\/strong><\/span><\/p>\n<p><span style=\"color: #003366;\"><strong>Maison d&#8217;\u00e9dition Univ Europ\u00e9enne<\/strong><\/span><\/p>\n<p><span style=\"color: #003366;\"><strong>R\u00e9sum\u00e9:<\/strong><\/span> Le XXI\u00e8me si\u00e8cle, marqu\u00e9 par divers \u00e9v\u00e8nements politiques, \u00e9conomiques et judiciaires d\u00e9cisifs, repr\u00e9sente un changement de paradigme introduisant ce qui, de nos jours, est commun\u00e9ment appel\u00e9 : la R\u00e9volution num\u00e9rique. Une r\u00e9forme p\u00e9nale voit alors le jour, compl\u00e9t\u00e9e par une politique criminelle in\u00e9dite politique de d\u00e9fense sociale qui, d\u00e9sormais, se concentre principalement sur la pr\u00e9vention et la pr\u00e9caution : objectifs de s\u00e9curit\u00e9 publique visant \u00e0 pr\u00e9voir tout risque ou menace afin de l&#8217;\u00e9liminer avant m\u00eame sa concr\u00e9tisation. Dans ces conditions, de nouvelles mesures de surveillance et de renseignement sont adopt\u00e9es, contribuant \u00e0 l\u00e9gitimer l&#8217;atteinte \u00e0 des libert\u00e9s fondamentales mais aussi \u00e0 certain droits essentiels, \u00e0 l&#8217;image du droit au respect de la vie priv\u00e9e. Quid de la dignit\u00e9 humaine ? Ou encore de l&#8217;impr\u00e9visibilit\u00e9 ? Il appara\u00eet d\u00e8s lors que l&#8217;int\u00e9r\u00eat public prend le dessus sur l&#8217;int\u00e9r\u00eat priv\u00e9. In fine, l&#8217;\u00e9quilibre ad\u00e9quat qui devrait exister entre la conciliation de ces deux int\u00e9r\u00eats distincts, mais finalement intrins\u00e8quement li\u00e9s et d&#8217;importance \u00e9gale, para\u00eet \u00eatre remis en cause avec l&#8217;av\u00e8nement des nouvelles technologies et de la soci\u00e9t\u00e9 du renseignement.<\/p>\n","protected":false},"excerpt":{"rendered":"<p>Batoul Betty Merhi Maison d&#8217;\u00e9dition Univ Europ\u00e9enne R\u00e9sum\u00e9: Le XXI\u00e8me si\u00e8cle, marqu\u00e9 par divers \u00e9v\u00e8nements politiques, \u00e9conomiques et judiciaires d\u00e9cisifs, repr\u00e9sente un changement de paradigme introduisant ce qui, de nos jours, est commun\u00e9ment appel\u00e9 : la R\u00e9volution num\u00e9rique. Une r\u00e9forme p\u00e9nale voit alors le jour, compl\u00e9t\u00e9e par une politique criminelle in\u00e9dite politique de d\u00e9fense sociale qui, d\u00e9sormais, se concentre principalement sur la pr\u00e9vention et la pr\u00e9caution : objectifs de s\u00e9curit\u00e9&hellip; <\/p>\n","protected":false},"author":3,"featured_media":13859,"comment_status":"open","ping_status":"closed","sticky":false,"template":"","format":"standard","meta":{"footnotes":""},"categories":[109,6,25],"tags":[],"class_list":["post-13858","post","type-post","status-publish","format-standard","has-post-thumbnail","hentry","category-francais","category-livros","category-seguranca-publica-e-defesa"],"views":304,"_links":{"self":[{"href":"https:\/\/www.bibliotecadeseguranca.com.br\/fr\/wp-json\/wp\/v2\/posts\/13858","targetHints":{"allow":["GET"]}}],"collection":[{"href":"https:\/\/www.bibliotecadeseguranca.com.br\/fr\/wp-json\/wp\/v2\/posts"}],"about":[{"href":"https:\/\/www.bibliotecadeseguranca.com.br\/fr\/wp-json\/wp\/v2\/types\/post"}],"author":[{"embeddable":true,"href":"https:\/\/www.bibliotecadeseguranca.com.br\/fr\/wp-json\/wp\/v2\/users\/3"}],"replies":[{"embeddable":true,"href":"https:\/\/www.bibliotecadeseguranca.com.br\/fr\/wp-json\/wp\/v2\/comments?post=13858"}],"version-history":[{"count":1,"href":"https:\/\/www.bibliotecadeseguranca.com.br\/fr\/wp-json\/wp\/v2\/posts\/13858\/revisions"}],"predecessor-version":[{"id":13860,"href":"https:\/\/www.bibliotecadeseguranca.com.br\/fr\/wp-json\/wp\/v2\/posts\/13858\/revisions\/13860"}],"wp:featuredmedia":[{"embeddable":true,"href":"https:\/\/www.bibliotecadeseguranca.com.br\/fr\/wp-json\/wp\/v2\/media\/13859"}],"wp:attachment":[{"href":"https:\/\/www.bibliotecadeseguranca.com.br\/fr\/wp-json\/wp\/v2\/media?parent=13858"}],"wp:term":[{"taxonomy":"category","embeddable":true,"href":"https:\/\/www.bibliotecadeseguranca.com.br\/fr\/wp-json\/wp\/v2\/categories?post=13858"},{"taxonomy":"post_tag","embeddable":true,"href":"https:\/\/www.bibliotecadeseguranca.com.br\/fr\/wp-json\/wp\/v2\/tags?post=13858"}],"curies":[{"name":"wp","href":"https:\/\/api.w.org\/{rel}","templated":true}]}}