{"id":13852,"date":"2017-03-28T15:00:18","date_gmt":"2017-03-28T18:00:18","guid":{"rendered":"http:\/\/www.bibliotecadeseguranca.com.br\/fr\/?p=13852"},"modified":"2017-03-28T14:21:17","modified_gmt":"2017-03-28T17:21:17","slug":"o-principio-da-informacao-ambiental-e-a-seguranca-da-informacao-empresarial","status":"publish","type":"post","link":"https:\/\/www.bibliotecadeseguranca.com.br\/fr\/livros\/o-principio-da-informacao-ambiental-e-a-seguranca-da-informacao-empresarial\/","title":{"rendered":"O Princ\u00edpio da Informa\u00e7\u00e3o Ambiental e a Seguran\u00e7a da Informa\u00e7\u00e3o Empresarial"},"content":{"rendered":"<p><span style=\"color: #003366;\"><strong><img loading=\"lazy\" decoding=\"async\" class=\"alignleft size-full wp-image-13853\" src=\"http:\/\/www.bibliotecadeseguranca.com.br\/fr\/wp-content\/uploads\/2017\/03\/O-Princ\u00edpio-da-Informa\u00e7\u00e3o-Ambiental-e-a-Seguran\u00e7a-da-Informa\u00e7\u00e3o-Empresarial.jpg\" alt=\"O Princ\u00edpio da Informa\u00e7\u00e3o Ambiental e a Seguran\u00e7a da Informa\u00e7\u00e3o Empresarial\" width=\"145\" height=\"218\" srcset=\"https:\/\/www.bibliotecadeseguranca.com.br\/fr\/wp-content\/uploads\/2017\/03\/O-Princ\u00edpio-da-Informa\u00e7\u00e3o-Ambiental-e-a-Seguran\u00e7a-da-Informa\u00e7\u00e3o-Empresarial.jpg 145w, https:\/\/www.bibliotecadeseguranca.com.br\/fr\/wp-content\/uploads\/2017\/03\/O-Princ\u00edpio-da-Informa\u00e7\u00e3o-Ambiental-e-a-Seguran\u00e7a-da-Informa\u00e7\u00e3o-Empresarial-100x150.jpg 100w\" sizes=\"auto, (max-width: 145px) 100vw, 145px\" \/>Pedro Lucas Lindoso<\/strong><\/span><\/p>\n<p><span style=\"color: #003366;\"><strong>Maison d&#8217;\u00e9dition Paco<\/strong><\/span><\/p>\n<p><span style=\"color: #003366;\"><strong>R\u00e9sum\u00e9:<\/strong><\/span> A presente obra analisa os princ\u00edpios da publicidade e da informa\u00e7\u00e3o com \u00eanfase no interesse coletivo, j\u00e1 que os mesmos s\u00e3o essenciais para a aplica\u00e7\u00e3o efetiva do Direito Ambiental. Nesse sentido, o autor, pautado em ampla experi\u00eancia acad\u00eamica e jur\u00eddica, vai ao ponto crucial da rela\u00e7\u00e3o Livre iniciativa x Direito \u00e0 vida, produzindo um material relevante para todos os setores da sociedade brasileira.<\/p>\n","protected":false},"excerpt":{"rendered":"<p>Pedro Lucas Lindoso Maison d&#8217;\u00e9dition Paco R\u00e9sum\u00e9: A presente obra analisa os princ\u00edpios da publicidade e da informa\u00e7\u00e3o com \u00eanfase no interesse coletivo, j\u00e1 que os mesmos s\u00e3o essenciais para a aplica\u00e7\u00e3o efetiva do Direito Ambiental. Nesse sentido, o autor, pautado em ampla experi\u00eancia acad\u00eamica e jur\u00eddica, vai ao ponto crucial da rela\u00e7\u00e3o Livre iniciativa x Direito \u00e0 vida, produzindo um material relevante para todos os setores da sociedade brasileira.<\/p>\n","protected":false},"author":3,"featured_media":13853,"comment_status":"open","ping_status":"closed","sticky":false,"template":"","format":"standard","meta":{"footnotes":""},"categories":[14,6,20],"tags":[],"class_list":["post-13852","post","type-post","status-publish","format-standard","has-post-thumbnail","hentry","category-administracao-e-estrategia-empresarial","category-livros","category-seguranca-da-informacao"],"views":207,"_links":{"self":[{"href":"https:\/\/www.bibliotecadeseguranca.com.br\/fr\/wp-json\/wp\/v2\/posts\/13852","targetHints":{"allow":["GET"]}}],"collection":[{"href":"https:\/\/www.bibliotecadeseguranca.com.br\/fr\/wp-json\/wp\/v2\/posts"}],"about":[{"href":"https:\/\/www.bibliotecadeseguranca.com.br\/fr\/wp-json\/wp\/v2\/types\/post"}],"author":[{"embeddable":true,"href":"https:\/\/www.bibliotecadeseguranca.com.br\/fr\/wp-json\/wp\/v2\/users\/3"}],"replies":[{"embeddable":true,"href":"https:\/\/www.bibliotecadeseguranca.com.br\/fr\/wp-json\/wp\/v2\/comments?post=13852"}],"version-history":[{"count":1,"href":"https:\/\/www.bibliotecadeseguranca.com.br\/fr\/wp-json\/wp\/v2\/posts\/13852\/revisions"}],"predecessor-version":[{"id":13854,"href":"https:\/\/www.bibliotecadeseguranca.com.br\/fr\/wp-json\/wp\/v2\/posts\/13852\/revisions\/13854"}],"wp:featuredmedia":[{"embeddable":true,"href":"https:\/\/www.bibliotecadeseguranca.com.br\/fr\/wp-json\/wp\/v2\/media\/13853"}],"wp:attachment":[{"href":"https:\/\/www.bibliotecadeseguranca.com.br\/fr\/wp-json\/wp\/v2\/media?parent=13852"}],"wp:term":[{"taxonomy":"category","embeddable":true,"href":"https:\/\/www.bibliotecadeseguranca.com.br\/fr\/wp-json\/wp\/v2\/categories?post=13852"},{"taxonomy":"post_tag","embeddable":true,"href":"https:\/\/www.bibliotecadeseguranca.com.br\/fr\/wp-json\/wp\/v2\/tags?post=13852"}],"curies":[{"name":"wp","href":"https:\/\/api.w.org\/{rel}","templated":true}]}}