{"id":13817,"date":"2017-03-13T14:00:21","date_gmt":"2017-03-13T17:00:21","guid":{"rendered":"http:\/\/www.bibliotecadeseguranca.com.br\/fr\/?p=13817"},"modified":"2017-03-13T10:46:04","modified_gmt":"2017-03-13T13:46:04","slug":"securite-privee-enjeu-public","status":"publish","type":"post","link":"https:\/\/www.bibliotecadeseguranca.com.br\/fr\/livros\/securite-privee-enjeu-public\/","title":{"rendered":"S\u00e9curit\u00e9 priv\u00e9e, enjeu public"},"content":{"rendered":"<p><span style=\"color: #003366;\"><strong><img loading=\"lazy\" decoding=\"async\" class=\"alignleft size-full wp-image-13818\" src=\"http:\/\/www.bibliotecadeseguranca.com.br\/fr\/wp-content\/uploads\/2017\/03\/S\u00e9curit\u00e9-priv\u00e9e-enjeu-public.jpg\" alt=\"S\u00e9curit\u00e9 priv\u00e9e, enjeu public\" width=\"145\" height=\"224\" srcset=\"https:\/\/www.bibliotecadeseguranca.com.br\/fr\/wp-content\/uploads\/2017\/03\/S\u00e9curit\u00e9-priv\u00e9e-enjeu-public.jpg 145w, https:\/\/www.bibliotecadeseguranca.com.br\/fr\/wp-content\/uploads\/2017\/03\/S\u00e9curit\u00e9-priv\u00e9e-enjeu-public-97x150.jpg 97w\" sizes=\"auto, (max-width: 145px) 100vw, 145px\" \/>Pierre Brajeux<\/strong><\/span><\/p>\n<p><span style=\"color: #003366;\"><strong>Maison d&#8217;\u00e9dition Armand Colin<\/strong><\/span><\/p>\n<p><span style=\"color: #003366;\"><strong>R\u00e9sum\u00e9:<\/strong><\/span> Les soci\u00e9t\u00e9s de s\u00e9curit\u00e9 priv\u00e9e font d\u00e9sormais largement partie de notre quotidien : au bureau, dans les grandes surfaces, et m\u00eame dans les services publics. V\u00e9ritable tendance de fond, leur mont\u00e9e en puissance s\u2019explique par de nombreux facteurs. Et si l\u2019on \u00e9voque fr\u00e9quemment la r\u00e9duction du budget de l\u2019\u00c9tat, il faut \u00e9galement souligner que les attentes de nos concitoyens en mati\u00e8re de s\u00e9curit\u00e9 s\u2019accroissent chaque jour davantage. Les forces publiques ne pouvant suffire \u00e0 l\u2019ampleur de cette demande, l\u2019offre priv\u00e9e s\u2019est alors d\u00e9velopp\u00e9e.<\/p>\n<p>Face \u00e0 cette \u00e9volution, la question n\u2019est donc plus d\u2019accepter ou de refuser une r\u00e9alit\u00e9 qui s\u2019est d\u00e9j\u00e0 impos\u00e9e, mais de relever un d\u00e9fi hautement strat\u00e9gique : construire une v\u00e9ritable coop\u00e9ration public\/priv\u00e9, une \u00ab cha\u00eene de s\u00e9curit\u00e9 \u00bb adapt\u00e9e et r\u00e9gul\u00e9e par l\u2019\u00c9tat. \u00c0 travers l\u2019action du CNAPS (Conseil national des activit\u00e9s priv\u00e9es de s\u00e9curit\u00e9), de la DISP (D\u00e9l\u00e9gation interminist\u00e9rielle \u00e0 la s\u00e9curit\u00e9 priv\u00e9e), ou via la r\u00e9forme de la loi de 1983, des signaux forts traduisent la maturation du dialogue entre les professionnels et l\u2019administration.<\/p>\n<p>Des responsables publics, des juristes et des professionnels, tous acteurs clefs de l\u2019univers de la s\u00e9curit\u00e9 priv\u00e9e, en \u00e9clairent ici les principales th\u00e9matiques et lancent des pistes pour la structuration d\u2019une activit\u00e9 sensible qui ne doit pas \u00eatre abandonn\u00e9e aux seules lois du march\u00e9.<\/p>\n","protected":false},"excerpt":{"rendered":"<p>Pierre Brajeux Maison d&#8217;\u00e9dition Armand Colin R\u00e9sum\u00e9: Les soci\u00e9t\u00e9s de s\u00e9curit\u00e9 priv\u00e9e font d\u00e9sormais largement partie de notre quotidien : au bureau, dans les grandes surfaces, et m\u00eame dans les services publics. V\u00e9ritable tendance de fond, leur mont\u00e9e en puissance s\u2019explique par de nombreux facteurs. Et si l\u2019on \u00e9voque fr\u00e9quemment la r\u00e9duction du budget de l\u2019\u00c9tat, il faut \u00e9galement souligner que les attentes de nos concitoyens en mati\u00e8re de s\u00e9curit\u00e9&hellip; <\/p>\n","protected":false},"author":3,"featured_media":13818,"comment_status":"open","ping_status":"closed","sticky":false,"template":"","format":"standard","meta":{"footnotes":""},"categories":[109,23,6],"tags":[],"class_list":["post-13817","post","type-post","status-publish","format-standard","has-post-thumbnail","hentry","category-francais","category-gestao-da-seguranca-empresarial","category-livros"],"views":6726,"_links":{"self":[{"href":"https:\/\/www.bibliotecadeseguranca.com.br\/fr\/wp-json\/wp\/v2\/posts\/13817","targetHints":{"allow":["GET"]}}],"collection":[{"href":"https:\/\/www.bibliotecadeseguranca.com.br\/fr\/wp-json\/wp\/v2\/posts"}],"about":[{"href":"https:\/\/www.bibliotecadeseguranca.com.br\/fr\/wp-json\/wp\/v2\/types\/post"}],"author":[{"embeddable":true,"href":"https:\/\/www.bibliotecadeseguranca.com.br\/fr\/wp-json\/wp\/v2\/users\/3"}],"replies":[{"embeddable":true,"href":"https:\/\/www.bibliotecadeseguranca.com.br\/fr\/wp-json\/wp\/v2\/comments?post=13817"}],"version-history":[{"count":1,"href":"https:\/\/www.bibliotecadeseguranca.com.br\/fr\/wp-json\/wp\/v2\/posts\/13817\/revisions"}],"predecessor-version":[{"id":13819,"href":"https:\/\/www.bibliotecadeseguranca.com.br\/fr\/wp-json\/wp\/v2\/posts\/13817\/revisions\/13819"}],"wp:featuredmedia":[{"embeddable":true,"href":"https:\/\/www.bibliotecadeseguranca.com.br\/fr\/wp-json\/wp\/v2\/media\/13818"}],"wp:attachment":[{"href":"https:\/\/www.bibliotecadeseguranca.com.br\/fr\/wp-json\/wp\/v2\/media?parent=13817"}],"wp:term":[{"taxonomy":"category","embeddable":true,"href":"https:\/\/www.bibliotecadeseguranca.com.br\/fr\/wp-json\/wp\/v2\/categories?post=13817"},{"taxonomy":"post_tag","embeddable":true,"href":"https:\/\/www.bibliotecadeseguranca.com.br\/fr\/wp-json\/wp\/v2\/tags?post=13817"}],"curies":[{"name":"wp","href":"https:\/\/api.w.org\/{rel}","templated":true}]}}