{"id":13805,"date":"2017-03-09T14:00:24","date_gmt":"2017-03-09T17:00:24","guid":{"rendered":"http:\/\/www.bibliotecadeseguranca.com.br\/fr\/?p=13805"},"modified":"2017-03-09T12:54:58","modified_gmt":"2017-03-09T15:54:58","slug":"o-desenvolvimento-a-seguranca-e-a-defesa-na-america-do-sul","status":"publish","type":"post","link":"https:\/\/www.bibliotecadeseguranca.com.br\/fr\/livros\/o-desenvolvimento-a-seguranca-e-a-defesa-na-america-do-sul\/","title":{"rendered":"O Desenvolvimento, a Seguran\u00e7a e a Defesa na Am\u00e9rica do Sul"},"content":{"rendered":"<p><span style=\"color: #003366;\"><strong><img loading=\"lazy\" decoding=\"async\" class=\"alignleft size-full wp-image-13806\" src=\"http:\/\/www.bibliotecadeseguranca.com.br\/fr\/wp-content\/uploads\/2017\/03\/O-Desenvolvimento-a-Seguran\u00e7a-e-a-Defesa-na-Am\u00e9rica-do-Sul.jpg\" alt=\"O Desenvolvimento, a Seguran\u00e7a e a Defesa na Am\u00e9rica do Sul\" width=\"145\" height=\"205\" srcset=\"https:\/\/www.bibliotecadeseguranca.com.br\/fr\/wp-content\/uploads\/2017\/03\/O-Desenvolvimento-a-Seguran\u00e7a-e-a-Defesa-na-Am\u00e9rica-do-Sul.jpg 145w, https:\/\/www.bibliotecadeseguranca.com.br\/fr\/wp-content\/uploads\/2017\/03\/O-Desenvolvimento-a-Seguran\u00e7a-e-a-Defesa-na-Am\u00e9rica-do-Sul-106x150.jpg 106w\" sizes=\"auto, (max-width: 145px) 100vw, 145px\" \/>Coauteur T\u00e1cito Augusto Silva Leite<\/strong><\/span><\/p>\n<p><span style=\"color: #003366;\"><strong>R\u00e9sum\u00e9:<\/strong><\/span> A presente monografia \u00e9 resultado de pesquisa elaborada pelo Grupo Alfa no \u00e2mbito do IV Curso de Gest\u00e3o de Recursos de Defesa (CGERD) da Escola Superior de Guerra (ESG), realizado na Federa\u00e7\u00e3o das Ind\u00fastrias do Estado de S\u00e3o Paulo (FIESP) de maio a julho de 2009. A partir da tem\u00e1tica geral (dada pela ESG) \u201cO Desenvolvimento, a Seguran\u00e7a e a Defesa na Am\u00e9rica do Sul\u201d, a cada um dos grupos de trabalho foi atribuido um tema espec\u00edfico. Coube ao Grupo Alfa investigar \u201cAs Novas Amea\u00e7as \u2013 Reflexos para a Defesa no Contexto Sul-Americano\u201d. A partir da defini\u00e7\u00e3o das novas amea\u00e7as feita pela Organiza\u00e7\u00e3o dos Estados Americanos (OEA), o Grupo Alfa percebeu como mais relavantes a pobreza extrema e a exclus\u00e3o social. Destas duas, acredita o grupo, derivam outras, a saber, o crime organizado, o narcotr\u00e1fico, alguns movimentos ditos sociais e determinadas organiza\u00e7\u00f5es n\u00e3ogovernamentais relativamente obscuras. Neste quadro, o grupo entendeu que uma poss\u00edvel contribui\u00e7\u00e3o \u00e0 solu\u00e7\u00e3o da quest\u00e3o viria de uma a\u00e7\u00e3o estrat\u00e9gica que passa pela articula\u00e7\u00e3o de uma ampla agenda de planejamentos estrat\u00e9gicos setoriais, visando \u00e0 inclus\u00e3o das popula\u00e7\u00f5es em situa\u00e7\u00e3o de extrema pobreza nos processos produtivos, da\u00ed vindo a induzir um amplo processo de desenvolvimento econ\u00f4mico e social na Am\u00e9rica do Sul. Para apoiar e proteger estes planejamentos, a intelig\u00eancia se mostrou uma ferramenta essencial. Assim, como a\u00e7\u00f5es mais espec\u00edficas, o grupo sugere o aprimoramento do nosso Sistema Brasileiro de Intelig\u00eancia (SISBIN) como um todo, especialmente atrav\u00e9s de redes de pesquisa de pessoal formado no CGERD (embri\u00f5es de uma poss\u00edvel futura \u201cUniversidade de Defesa\u201d) e da institui\u00e7\u00e3o de uma Escola Federal de Intelig\u00eancia, bem como a consulta \u00e0 sociedade sobre o que ela acha e espera da atividade de intelig\u00eancia. Esta parte \u00e9 apenas o resumo do trabalho, o qual o Grupo Alfa convida o leitor a folhear mais atentamente para aprofundamento neste estudo.<\/p>\n<p><span style=\"color: #003366;\"><strong>Coauteurs:<\/strong><\/span> Alfredo Gunter Zwiener, Armando Camargo Pereira, Bernardo Wahl G. de A. Jorge, Fernando Ant\u00f4nio Corr\u00eaa de Ara\u00fajo, Isaac Newton da Silva, Marcos Moreira da Costa, Regina Cely Perez da Silva Gra\u00e7a, S\u00e9rgio Gon\u00e7alves de Amorim<\/p>\n<p><a href=\"http:\/\/www.bibliotecadeseguranca.com.br\/wp-content\/uploads\/2017\/03\/O-Desenvolvimento-a-Seguran\u00e7a-e-a-Defesa-na-Am\u00e9rica-do-Sul.pdf\" target=\"_blank\"><img loading=\"lazy\" decoding=\"async\" class=\"alignleft wp-image-12143 size-full\" src=\"http:\/\/www.bibliotecadeseguranca.com.br\/fr\/wp-content\/uploads\/2015\/03\/download_fr.gif\" alt=\"T\u00e9l\u00e9charger\" width=\"107\" height=\"25\" \/><\/a><\/p>\n","protected":false},"excerpt":{"rendered":"<p>Coauteur T\u00e1cito Augusto Silva Leite R\u00e9sum\u00e9: A presente monografia \u00e9 resultado de pesquisa elaborada pelo Grupo Alfa no \u00e2mbito do IV Curso de Gest\u00e3o de Recursos de Defesa (CGERD) da Escola Superior de Guerra (ESG), realizado na Federa\u00e7\u00e3o das Ind\u00fastrias do Estado de S\u00e3o Paulo (FIESP) de maio a julho de 2009. A partir da tem\u00e1tica geral (dada pela ESG) \u201cO Desenvolvimento, a Seguran\u00e7a e a Defesa na Am\u00e9rica do&hellip; <\/p>\n","protected":false},"author":3,"featured_media":13806,"comment_status":"open","ping_status":"closed","sticky":false,"template":"","format":"standard","meta":{"footnotes":""},"categories":[92,6,25,112],"tags":[],"class_list":["post-13805","post","type-post","status-publish","format-standard","has-post-thumbnail","hentry","category-trabalho-academico","category-livros","category-seguranca-publica-e-defesa","category-download"],"views":355,"_links":{"self":[{"href":"https:\/\/www.bibliotecadeseguranca.com.br\/fr\/wp-json\/wp\/v2\/posts\/13805","targetHints":{"allow":["GET"]}}],"collection":[{"href":"https:\/\/www.bibliotecadeseguranca.com.br\/fr\/wp-json\/wp\/v2\/posts"}],"about":[{"href":"https:\/\/www.bibliotecadeseguranca.com.br\/fr\/wp-json\/wp\/v2\/types\/post"}],"author":[{"embeddable":true,"href":"https:\/\/www.bibliotecadeseguranca.com.br\/fr\/wp-json\/wp\/v2\/users\/3"}],"replies":[{"embeddable":true,"href":"https:\/\/www.bibliotecadeseguranca.com.br\/fr\/wp-json\/wp\/v2\/comments?post=13805"}],"version-history":[{"count":1,"href":"https:\/\/www.bibliotecadeseguranca.com.br\/fr\/wp-json\/wp\/v2\/posts\/13805\/revisions"}],"predecessor-version":[{"id":13807,"href":"https:\/\/www.bibliotecadeseguranca.com.br\/fr\/wp-json\/wp\/v2\/posts\/13805\/revisions\/13807"}],"wp:featuredmedia":[{"embeddable":true,"href":"https:\/\/www.bibliotecadeseguranca.com.br\/fr\/wp-json\/wp\/v2\/media\/13806"}],"wp:attachment":[{"href":"https:\/\/www.bibliotecadeseguranca.com.br\/fr\/wp-json\/wp\/v2\/media?parent=13805"}],"wp:term":[{"taxonomy":"category","embeddable":true,"href":"https:\/\/www.bibliotecadeseguranca.com.br\/fr\/wp-json\/wp\/v2\/categories?post=13805"},{"taxonomy":"post_tag","embeddable":true,"href":"https:\/\/www.bibliotecadeseguranca.com.br\/fr\/wp-json\/wp\/v2\/tags?post=13805"}],"curies":[{"name":"wp","href":"https:\/\/api.w.org\/{rel}","templated":true}]}}