{"id":13682,"date":"2017-01-13T13:00:19","date_gmt":"2017-01-13T16:00:19","guid":{"rendered":"http:\/\/www.bibliotecadeseguranca.com.br\/fr\/?p=13682"},"modified":"2017-01-13T12:34:05","modified_gmt":"2017-01-13T15:34:05","slug":"terrorismes","status":"publish","type":"post","link":"https:\/\/www.bibliotecadeseguranca.com.br\/fr\/livros\/terrorismes\/","title":{"rendered":"Terrorismes"},"content":{"rendered":"<p><span style=\"color: #003366;\"><strong><img loading=\"lazy\" decoding=\"async\" class=\"alignleft size-full wp-image-13683\" src=\"http:\/\/www.bibliotecadeseguranca.com.br\/fr\/wp-content\/uploads\/2017\/01\/Terrorismes.jpg\" alt=\"Terrorismes\" width=\"145\" height=\"217\" srcset=\"https:\/\/www.bibliotecadeseguranca.com.br\/fr\/wp-content\/uploads\/2017\/01\/Terrorismes.jpg 145w, https:\/\/www.bibliotecadeseguranca.com.br\/fr\/wp-content\/uploads\/2017\/01\/Terrorismes-100x150.jpg 100w\" sizes=\"auto, (max-width: 145px) 100vw, 145px\" \/>Alain Bauer, Christophe Soullez<\/strong><\/span><\/p>\n<p><span style=\"color: #003366;\"><strong>Maison d&#8217;\u00e9dition\u00a0Dalloz<\/strong><\/span><\/p>\n<p><span style=\"color: #003366;\"><strong>R\u00e9sum\u00e9:<\/strong><\/span> Le terrorisme est l&#8217;emploi de la terreur \u00e0 des fins politiques, religieuses ou id\u00e9ologiques.<br \/>\nLe terme de terrorisme est aujourd&#8217;hui tr\u00e8s fr\u00e9quemment employ\u00e9 en droit international et par les institutions internationales, mais il ne donne pas lieu \u00e0 une d\u00e9finition unique et universelle.<\/p>\n<p>Le terrorisme, objet criminel aux d\u00e9finitions variables et souvent instables, conna\u00eet des cycles.<br \/>\nIl \u00e9volue parfois fortement en suivant des parcours qui surprennent les \u00c9tats. Singulier, il est devenu pluriel. Ses cibles se sont diversifi\u00e9es.<br \/>\nOrganis\u00e9es et structur\u00e9es, reposant sur le soutien d une grande puissance, les organisations terroristes se sont parfois atomis\u00e9es et ont mut\u00e9 apr\u00e8s la chute du mur de Berlin. Le terrorisme d \u00c9tat a quasiment disparu. Il a \u00e9t\u00e9 remplac\u00e9 par les actions de n\u00e9buleuses qui ont marqu\u00e9 l av\u00e8nement de \u00ab l hyper terrorisme \u00bb m\u00e9diatique puis s est autonomis\u00e9 et diss\u00e9min\u00e9 gr\u00e2ce au d\u00e9veloppement d Internet faisant ainsi \u00e9merger des terroristes plus isol\u00e9s. C est pourquoi les r\u00e9ponses \u00e9tatiques doivent \u00e9voluer en vue de s adapter \u00e0 ces nouvelles formes de terrorisme.<\/p>\n<p>Ce petit ouvrage se propose de faire un point sur les l\u00e9gislations en vigueur et les principales dispositions adopt\u00e9es en vue de lutter contre ces ph\u00e9nom\u00e8nes.<br \/>\nAlain Bauer est professeur de criminologie au Conservatoire national des arts et m\u00e9tiers, \u00e0 New York et \u00e0 P\u00e9kin. Christophe Soullez est chef de l Observatoire national de &#8216;la d\u00e9linquance et des r\u00e9ponses p\u00e9nales. Il enseigne notamment \u00e0 l Institut d \u00e9tudes politiques de Paris.<\/p>\n","protected":false},"excerpt":{"rendered":"<p>Alain Bauer, Christophe Soullez Maison d&#8217;\u00e9dition\u00a0Dalloz R\u00e9sum\u00e9: Le terrorisme est l&#8217;emploi de la terreur \u00e0 des fins politiques, religieuses ou id\u00e9ologiques. Le terme de terrorisme est aujourd&#8217;hui tr\u00e8s fr\u00e9quemment employ\u00e9 en droit international et par les institutions internationales, mais il ne donne pas lieu \u00e0 une d\u00e9finition unique et universelle. Le terrorisme, objet criminel aux d\u00e9finitions variables et souvent instables, conna\u00eet des cycles. Il \u00e9volue parfois fortement en suivant des&hellip; <\/p>\n","protected":false},"author":3,"featured_media":13683,"comment_status":"open","ping_status":"closed","sticky":false,"template":"","format":"standard","meta":{"footnotes":""},"categories":[109,6,25],"tags":[],"class_list":["post-13682","post","type-post","status-publish","format-standard","has-post-thumbnail","hentry","category-francais","category-livros","category-seguranca-publica-e-defesa"],"views":333,"_links":{"self":[{"href":"https:\/\/www.bibliotecadeseguranca.com.br\/fr\/wp-json\/wp\/v2\/posts\/13682","targetHints":{"allow":["GET"]}}],"collection":[{"href":"https:\/\/www.bibliotecadeseguranca.com.br\/fr\/wp-json\/wp\/v2\/posts"}],"about":[{"href":"https:\/\/www.bibliotecadeseguranca.com.br\/fr\/wp-json\/wp\/v2\/types\/post"}],"author":[{"embeddable":true,"href":"https:\/\/www.bibliotecadeseguranca.com.br\/fr\/wp-json\/wp\/v2\/users\/3"}],"replies":[{"embeddable":true,"href":"https:\/\/www.bibliotecadeseguranca.com.br\/fr\/wp-json\/wp\/v2\/comments?post=13682"}],"version-history":[{"count":1,"href":"https:\/\/www.bibliotecadeseguranca.com.br\/fr\/wp-json\/wp\/v2\/posts\/13682\/revisions"}],"predecessor-version":[{"id":13684,"href":"https:\/\/www.bibliotecadeseguranca.com.br\/fr\/wp-json\/wp\/v2\/posts\/13682\/revisions\/13684"}],"wp:featuredmedia":[{"embeddable":true,"href":"https:\/\/www.bibliotecadeseguranca.com.br\/fr\/wp-json\/wp\/v2\/media\/13683"}],"wp:attachment":[{"href":"https:\/\/www.bibliotecadeseguranca.com.br\/fr\/wp-json\/wp\/v2\/media?parent=13682"}],"wp:term":[{"taxonomy":"category","embeddable":true,"href":"https:\/\/www.bibliotecadeseguranca.com.br\/fr\/wp-json\/wp\/v2\/categories?post=13682"},{"taxonomy":"post_tag","embeddable":true,"href":"https:\/\/www.bibliotecadeseguranca.com.br\/fr\/wp-json\/wp\/v2\/tags?post=13682"}],"curies":[{"name":"wp","href":"https:\/\/api.w.org\/{rel}","templated":true}]}}