{"id":13666,"date":"2017-01-06T13:00:32","date_gmt":"2017-01-06T16:00:32","guid":{"rendered":"http:\/\/www.bibliotecadeseguranca.com.br\/fr\/?p=13666"},"modified":"2017-01-06T11:36:01","modified_gmt":"2017-01-06T14:36:01","slug":"terrorismo-caos-controle-e-seguranca","status":"publish","type":"post","link":"https:\/\/www.bibliotecadeseguranca.com.br\/fr\/livros\/terrorismo-caos-controle-e-seguranca\/","title":{"rendered":"Terrorismo &#8211; Caos, Controle e Seguranca"},"content":{"rendered":"<p><span style=\"color: #003366;\"><strong><img loading=\"lazy\" decoding=\"async\" class=\"alignleft size-full wp-image-13667\" src=\"http:\/\/www.bibliotecadeseguranca.com.br\/fr\/wp-content\/uploads\/2017\/01\/Terrorismo-Caos-Controle-e-Seguranca.jpg\" alt=\"Terrorismo - Caos, Controle e Seguranca\" width=\"145\" height=\"254\" srcset=\"https:\/\/www.bibliotecadeseguranca.com.br\/fr\/wp-content\/uploads\/2017\/01\/Terrorismo-Caos-Controle-e-Seguranca.jpg 145w, https:\/\/www.bibliotecadeseguranca.com.br\/fr\/wp-content\/uploads\/2017\/01\/Terrorismo-Caos-Controle-e-Seguranca-86x150.jpg 86w\" sizes=\"auto, (max-width: 145px) 100vw, 145px\" \/>Jo\u00e3o Paulo Duarte<\/strong><\/span><\/p>\n<p><span style=\"color: #003366;\"><strong>Maison d&#8217;\u00e9dition\u00a0Desatino<\/strong><\/span><\/p>\n<p><span style=\"color: #003366;\"><strong>R\u00e9sum\u00e9:<\/strong><\/span> Neste novo t\u00edtulo da S\u00e9rie Elementos, o autor &#8211; partindo do per\u00edodo conhecido como O Terror, durante a Revolu\u00e7\u00e3o Francesa, at\u00e9 chegar \u00e0 emerg\u00eancia contempor\u00e2nea do chamado Terrorismo Fundamentalista &#8211; visa abordar a luta incessante entre o terror e o contraterror.<\/p>\n<p>Ao longo da obra, s\u00e3o expostas as principais proced\u00eancias do terrorismo na era moderna, problematizando as conjunturas hist\u00f3ricas e pol\u00edticas que classificaram cada uma das a\u00e7\u00f5es como terrorismo. Na an\u00e1lise das a\u00e7\u00f5es atuais da Guerra ao Terror &#8211; liderada pelos EUA no intuito de combater o grupo al-Qaeda, respons\u00e1vel pelos ataques de 11 de setembro -, \u00e9 feita uma correla\u00e7\u00e3o dessas medidas com o redimensionamento da seguran\u00e7a internacional no p\u00f3s-Guerra Fria.<\/p>\n<p>Para finalizar, \u00e9 apresentada uma reflex\u00e3o sobre o despontar de uma governamentalidade planet\u00e1ria, que busca controlar as manifesta\u00e7\u00f5es de viol\u00eancia que ocorrem no mundo &#8211; muitas consideradas terroristas &#8211; , em benef\u00edcio de valores tidos como &#8216;verdadeiros&#8217; e &#8216;universais&#8217;.<\/p>\n","protected":false},"excerpt":{"rendered":"<p>Jo\u00e3o Paulo Duarte Maison d&#8217;\u00e9dition\u00a0Desatino R\u00e9sum\u00e9: Neste novo t\u00edtulo da S\u00e9rie Elementos, o autor &#8211; partindo do per\u00edodo conhecido como O Terror, durante a Revolu\u00e7\u00e3o Francesa, at\u00e9 chegar \u00e0 emerg\u00eancia contempor\u00e2nea do chamado Terrorismo Fundamentalista &#8211; visa abordar a luta incessante entre o terror e o contraterror. Ao longo da obra, s\u00e3o expostas as principais proced\u00eancias do terrorismo na era moderna, problematizando as conjunturas hist\u00f3ricas e pol\u00edticas que classificaram cada&hellip; <\/p>\n","protected":false},"author":3,"featured_media":13667,"comment_status":"open","ping_status":"closed","sticky":false,"template":"","format":"standard","meta":{"footnotes":""},"categories":[6,25],"tags":[],"class_list":["post-13666","post","type-post","status-publish","format-standard","has-post-thumbnail","hentry","category-livros","category-seguranca-publica-e-defesa"],"views":510,"_links":{"self":[{"href":"https:\/\/www.bibliotecadeseguranca.com.br\/fr\/wp-json\/wp\/v2\/posts\/13666","targetHints":{"allow":["GET"]}}],"collection":[{"href":"https:\/\/www.bibliotecadeseguranca.com.br\/fr\/wp-json\/wp\/v2\/posts"}],"about":[{"href":"https:\/\/www.bibliotecadeseguranca.com.br\/fr\/wp-json\/wp\/v2\/types\/post"}],"author":[{"embeddable":true,"href":"https:\/\/www.bibliotecadeseguranca.com.br\/fr\/wp-json\/wp\/v2\/users\/3"}],"replies":[{"embeddable":true,"href":"https:\/\/www.bibliotecadeseguranca.com.br\/fr\/wp-json\/wp\/v2\/comments?post=13666"}],"version-history":[{"count":1,"href":"https:\/\/www.bibliotecadeseguranca.com.br\/fr\/wp-json\/wp\/v2\/posts\/13666\/revisions"}],"predecessor-version":[{"id":13668,"href":"https:\/\/www.bibliotecadeseguranca.com.br\/fr\/wp-json\/wp\/v2\/posts\/13666\/revisions\/13668"}],"wp:featuredmedia":[{"embeddable":true,"href":"https:\/\/www.bibliotecadeseguranca.com.br\/fr\/wp-json\/wp\/v2\/media\/13667"}],"wp:attachment":[{"href":"https:\/\/www.bibliotecadeseguranca.com.br\/fr\/wp-json\/wp\/v2\/media?parent=13666"}],"wp:term":[{"taxonomy":"category","embeddable":true,"href":"https:\/\/www.bibliotecadeseguranca.com.br\/fr\/wp-json\/wp\/v2\/categories?post=13666"},{"taxonomy":"post_tag","embeddable":true,"href":"https:\/\/www.bibliotecadeseguranca.com.br\/fr\/wp-json\/wp\/v2\/tags?post=13666"}],"curies":[{"name":"wp","href":"https:\/\/api.w.org\/{rel}","templated":true}]}}