{"id":13656,"date":"2017-01-02T13:00:57","date_gmt":"2017-01-02T16:00:57","guid":{"rendered":"http:\/\/www.bibliotecadeseguranca.com.br\/fr\/?p=13656"},"modified":"2017-01-02T10:07:05","modified_gmt":"2017-01-02T13:07:05","slug":"a-gestao-de-riscos-de-desastres-naturais-no-brasil","status":"publish","type":"post","link":"https:\/\/www.bibliotecadeseguranca.com.br\/fr\/livros\/a-gestao-de-riscos-de-desastres-naturais-no-brasil\/","title":{"rendered":"A Gest\u00e3o de Riscos de Desastres Naturais no Brasil"},"content":{"rendered":"<p><span style=\"color: #003366;\"><strong><img loading=\"lazy\" decoding=\"async\" class=\"alignleft size-full wp-image-13657\" src=\"http:\/\/www.bibliotecadeseguranca.com.br\/fr\/wp-content\/uploads\/2017\/01\/A-Gest\u00e3o-de-Riscos-de-Desastres-Naturais-no-Brasil.jpg\" alt=\"A Gest\u00e3o de Riscos de Desastres Naturais no Brasil\" width=\"145\" height=\"208\" srcset=\"https:\/\/www.bibliotecadeseguranca.com.br\/fr\/wp-content\/uploads\/2017\/01\/A-Gest\u00e3o-de-Riscos-de-Desastres-Naturais-no-Brasil.jpg 145w, https:\/\/www.bibliotecadeseguranca.com.br\/fr\/wp-content\/uploads\/2017\/01\/A-Gest\u00e3o-de-Riscos-de-Desastres-Naturais-no-Brasil-105x150.jpg 105w\" sizes=\"auto, (max-width: 145px) 100vw, 145px\" \/>Henrique Rosmaninho Alves<\/strong><\/span><\/p>\n<p><span style=\"color: #003366;\"><strong>Maison d&#8217;\u00e9dition\u00a0Prisma<\/strong><\/span><\/p>\n<p><span style=\"color: #003366;\"><strong>R\u00e9sum\u00e9:<\/strong><\/span> Os desastres naturais durante muitos s\u00e9culos foram entendidos como obras da vontade divina, em resposta aos pecados presentes na sociedade. Com o advento do terremoto de Lisboa em 1755 e a expans\u00e3o do pensamento iluminista houve uma racionaliza\u00e7\u00e3o acerca da percep\u00e7\u00e3o dos desastres naturais o que permitiu a cria\u00e7\u00e3o de diversas t\u00e9cnicas de preven\u00e7\u00e3o a esses eventos, bem como a identifica\u00e7\u00e3o de fatores que contribu\u00edam para sua concretiza\u00e7\u00e3o. Surgem ent\u00e3o, no in\u00edcio do s\u00e9culo XX os primeiros documentos internacionais acerca da gest\u00e3o de desastres naturais. Esse movimento ganha for\u00e7a com a aprova\u00e7\u00e3o das Resolu\u00e7\u00f5es 44\/236 de 1989 e 46\/182 de 1991. na Assembleia Geral da ONU, e com a cria\u00e7\u00e3o de ag\u00eancias oficiais voltadas a preven\u00e7\u00e3o desses fen\u00f4menos. Tamb\u00e9m no s\u00e9culo XX ocorre a urbaniza\u00e7\u00e3o do Brasil, fen\u00f4meno que fragiliza o territ\u00f3rio nacional a intemp\u00e9ries de natureza hidrol\u00f3gica, e no final do s\u00e9culo e in\u00edcio do s\u00e9culo XXI concretizam-se diversos desastres naturais pelo pa\u00eds, o qual era tido at\u00e9 ent\u00e3o como livre de desastres naturais. Com a grandiosidade dos danos, os desastres passam a repercutir sobre m\u00faltiplas \u00e1reas, como economia, planejamento urbano e direito. \u00c9 nesse ponto que busca-se identificar as repercuss\u00f5es dos desastres naturais no direito brasileiro, as normas existentes e as medidas plaus\u00edveis para mitigar o risco de futuros eventos adversos.<\/p>\n","protected":false},"excerpt":{"rendered":"<p>Henrique Rosmaninho Alves Maison d&#8217;\u00e9dition\u00a0Prisma R\u00e9sum\u00e9: Os desastres naturais durante muitos s\u00e9culos foram entendidos como obras da vontade divina, em resposta aos pecados presentes na sociedade. Com o advento do terremoto de Lisboa em 1755 e a expans\u00e3o do pensamento iluminista houve uma racionaliza\u00e7\u00e3o acerca da percep\u00e7\u00e3o dos desastres naturais o que permitiu a cria\u00e7\u00e3o de diversas t\u00e9cnicas de preven\u00e7\u00e3o a esses eventos, bem como a identifica\u00e7\u00e3o de fatores que&hellip; <\/p>\n","protected":false},"author":3,"featured_media":13657,"comment_status":"open","ping_status":"closed","sticky":false,"template":"","format":"standard","meta":{"footnotes":""},"categories":[6,19],"tags":[],"class_list":["post-13656","post","type-post","status-publish","format-standard","has-post-thumbnail","hentry","category-livros","category-risco-e-perdas"],"views":308,"_links":{"self":[{"href":"https:\/\/www.bibliotecadeseguranca.com.br\/fr\/wp-json\/wp\/v2\/posts\/13656","targetHints":{"allow":["GET"]}}],"collection":[{"href":"https:\/\/www.bibliotecadeseguranca.com.br\/fr\/wp-json\/wp\/v2\/posts"}],"about":[{"href":"https:\/\/www.bibliotecadeseguranca.com.br\/fr\/wp-json\/wp\/v2\/types\/post"}],"author":[{"embeddable":true,"href":"https:\/\/www.bibliotecadeseguranca.com.br\/fr\/wp-json\/wp\/v2\/users\/3"}],"replies":[{"embeddable":true,"href":"https:\/\/www.bibliotecadeseguranca.com.br\/fr\/wp-json\/wp\/v2\/comments?post=13656"}],"version-history":[{"count":1,"href":"https:\/\/www.bibliotecadeseguranca.com.br\/fr\/wp-json\/wp\/v2\/posts\/13656\/revisions"}],"predecessor-version":[{"id":13658,"href":"https:\/\/www.bibliotecadeseguranca.com.br\/fr\/wp-json\/wp\/v2\/posts\/13656\/revisions\/13658"}],"wp:featuredmedia":[{"embeddable":true,"href":"https:\/\/www.bibliotecadeseguranca.com.br\/fr\/wp-json\/wp\/v2\/media\/13657"}],"wp:attachment":[{"href":"https:\/\/www.bibliotecadeseguranca.com.br\/fr\/wp-json\/wp\/v2\/media?parent=13656"}],"wp:term":[{"taxonomy":"category","embeddable":true,"href":"https:\/\/www.bibliotecadeseguranca.com.br\/fr\/wp-json\/wp\/v2\/categories?post=13656"},{"taxonomy":"post_tag","embeddable":true,"href":"https:\/\/www.bibliotecadeseguranca.com.br\/fr\/wp-json\/wp\/v2\/tags?post=13656"}],"curies":[{"name":"wp","href":"https:\/\/api.w.org\/{rel}","templated":true}]}}