{"id":13634,"date":"2016-12-23T13:00:39","date_gmt":"2016-12-23T16:00:39","guid":{"rendered":"http:\/\/www.bibliotecadeseguranca.com.br\/fr\/?p=13634"},"modified":"2016-12-23T11:54:17","modified_gmt":"2016-12-23T14:54:17","slug":"a-retomada-do-complexo-do-alemao","status":"publish","type":"post","link":"https:\/\/www.bibliotecadeseguranca.com.br\/fr\/livros\/a-retomada-do-complexo-do-alemao\/","title":{"rendered":"A Retomada do Complexo do Alem\u00e3o"},"content":{"rendered":"<p><span style=\"color: #003366;\"><strong><img loading=\"lazy\" decoding=\"async\" class=\"alignleft size-full wp-image-13635\" src=\"http:\/\/www.bibliotecadeseguranca.com.br\/fr\/wp-content\/uploads\/2016\/12\/A-Retomada-do-Complexo-do-Alem\u00e3o.jpg\" alt=\"A Retomada do Complexo do Alem\u00e3o\" width=\"145\" height=\"208\" srcset=\"https:\/\/www.bibliotecadeseguranca.com.br\/fr\/wp-content\/uploads\/2016\/12\/A-Retomada-do-Complexo-do-Alem\u00e3o.jpg 145w, https:\/\/www.bibliotecadeseguranca.com.br\/fr\/wp-content\/uploads\/2016\/12\/A-Retomada-do-Complexo-do-Alem\u00e3o-105x150.jpg 105w\" sizes=\"auto, (max-width: 145px) 100vw, 145px\" \/>Rog\u00e9rio Greco, Luiz Andr\u00e9 Monteiro, Eduardo Maia Bettini<\/strong><\/span><\/p>\n<p><span style=\"color: #003366;\"><strong>Maison d&#8217;\u00e9dition\u00a0Impetus<\/strong><\/span><\/p>\n<p><span style=\"color: #003366;\"><strong>R\u00e9sum\u00e9:<\/strong><\/span> O Rio de Janeiro j\u00e1 serviu de palco para in\u00fameras pol\u00edticas de pacifica\u00e7\u00e3o ao longo dos anos. Os \u00edndices de viol\u00eancia urbana assustam a popula\u00e7\u00e3o brasileira, que paga um alto pre\u00e7o pelo efeito que o tr\u00e1fico de drogas gera nas grandes cidades. Recentemente, a luta foi retomada na tentativa de gerar uma renova\u00e7\u00e3o urbana e devolver ao carioca a sensa\u00e7\u00e3o de paz e organiza\u00e7\u00e3o que havia sido perdida com o passar dos anos. Por meio de uma pol\u00edtica de seguran\u00e7a calcada na implanta\u00e7\u00e3o de UPPs, as Unidades de Pol\u00edcia Pacificadora, o Estado conseguiu reverter, em parte, a realidade desses territ\u00f3rios. \u00c9 nesse contexto que apresentamos A Retomada do Complexo do Alem\u00e3o, de Rog\u00e9rio Greco, Andr\u00e9 Monteiro e Eduardo Maia Betini. O livro relata um dos pontos altos dessa nova pol\u00edtica de seguran\u00e7a p\u00fablica: a pacifica\u00e7\u00e3o do Complexo do Alem\u00e3o, uma das comunidades mais violentas da cidade do Rio de Janeiro. Os autores, cada um ao seu modo, narram o processo de ocupa\u00e7\u00e3o dessa comunidade pelo Batalh\u00e3o de Opera\u00e7\u00f5es Especiais Policiais, o famoso BOPE, que teve participa\u00e7\u00e3o fundamental nesse processo. Hist\u00f3rias reais, imagens marcantes e depoimentos de pessoas que vivenciaram essa conquista do poder p\u00fablico s\u00e3o alguns dos diferenciais deste livro.<\/p>\n","protected":false},"excerpt":{"rendered":"<p>Rog\u00e9rio Greco, Luiz Andr\u00e9 Monteiro, Eduardo Maia Bettini Maison d&#8217;\u00e9dition\u00a0Impetus R\u00e9sum\u00e9: O Rio de Janeiro j\u00e1 serviu de palco para in\u00fameras pol\u00edticas de pacifica\u00e7\u00e3o ao longo dos anos. Os \u00edndices de viol\u00eancia urbana assustam a popula\u00e7\u00e3o brasileira, que paga um alto pre\u00e7o pelo efeito que o tr\u00e1fico de drogas gera nas grandes cidades. Recentemente, a luta foi retomada na tentativa de gerar uma renova\u00e7\u00e3o urbana e devolver ao carioca a&hellip; <\/p>\n","protected":false},"author":3,"featured_media":13635,"comment_status":"open","ping_status":"closed","sticky":false,"template":"","format":"standard","meta":{"footnotes":""},"categories":[6,25],"tags":[],"class_list":["post-13634","post","type-post","status-publish","format-standard","has-post-thumbnail","hentry","category-livros","category-seguranca-publica-e-defesa"],"views":788,"_links":{"self":[{"href":"https:\/\/www.bibliotecadeseguranca.com.br\/fr\/wp-json\/wp\/v2\/posts\/13634","targetHints":{"allow":["GET"]}}],"collection":[{"href":"https:\/\/www.bibliotecadeseguranca.com.br\/fr\/wp-json\/wp\/v2\/posts"}],"about":[{"href":"https:\/\/www.bibliotecadeseguranca.com.br\/fr\/wp-json\/wp\/v2\/types\/post"}],"author":[{"embeddable":true,"href":"https:\/\/www.bibliotecadeseguranca.com.br\/fr\/wp-json\/wp\/v2\/users\/3"}],"replies":[{"embeddable":true,"href":"https:\/\/www.bibliotecadeseguranca.com.br\/fr\/wp-json\/wp\/v2\/comments?post=13634"}],"version-history":[{"count":1,"href":"https:\/\/www.bibliotecadeseguranca.com.br\/fr\/wp-json\/wp\/v2\/posts\/13634\/revisions"}],"predecessor-version":[{"id":13636,"href":"https:\/\/www.bibliotecadeseguranca.com.br\/fr\/wp-json\/wp\/v2\/posts\/13634\/revisions\/13636"}],"wp:featuredmedia":[{"embeddable":true,"href":"https:\/\/www.bibliotecadeseguranca.com.br\/fr\/wp-json\/wp\/v2\/media\/13635"}],"wp:attachment":[{"href":"https:\/\/www.bibliotecadeseguranca.com.br\/fr\/wp-json\/wp\/v2\/media?parent=13634"}],"wp:term":[{"taxonomy":"category","embeddable":true,"href":"https:\/\/www.bibliotecadeseguranca.com.br\/fr\/wp-json\/wp\/v2\/categories?post=13634"},{"taxonomy":"post_tag","embeddable":true,"href":"https:\/\/www.bibliotecadeseguranca.com.br\/fr\/wp-json\/wp\/v2\/tags?post=13634"}],"curies":[{"name":"wp","href":"https:\/\/api.w.org\/{rel}","templated":true}]}}