{"id":13631,"date":"2016-12-22T13:00:18","date_gmt":"2016-12-22T16:00:18","guid":{"rendered":"http:\/\/www.bibliotecadeseguranca.com.br\/fr\/?p=13631"},"modified":"2016-12-22T09:30:21","modified_gmt":"2016-12-22T12:30:21","slug":"analisis-de-la-seguridad-privada","status":"publish","type":"post","link":"https:\/\/www.bibliotecadeseguranca.com.br\/fr\/livros\/analisis-de-la-seguridad-privada\/","title":{"rendered":"An\u00e1lisis de la Seguridad Privada"},"content":{"rendered":"<p><span style=\"color: #003366;\"><strong><img loading=\"lazy\" decoding=\"async\" class=\"alignleft size-full wp-image-13632\" src=\"http:\/\/www.bibliotecadeseguranca.com.br\/fr\/wp-content\/uploads\/2016\/12\/An\u00e1lisis-De-La-Seguridad-Privada.jpg\" alt=\"An\u00e1lisis de la Seguridad Privada\" width=\"145\" height=\"222\" srcset=\"https:\/\/www.bibliotecadeseguranca.com.br\/fr\/wp-content\/uploads\/2016\/12\/An\u00e1lisis-De-La-Seguridad-Privada.jpg 145w, https:\/\/www.bibliotecadeseguranca.com.br\/fr\/wp-content\/uploads\/2016\/12\/An\u00e1lisis-De-La-Seguridad-Privada-98x150.jpg 98w\" sizes=\"auto, (max-width: 145px) 100vw, 145px\" \/>Diego Torrente<\/strong><\/span><\/p>\n<p><span style=\"color: #003366;\"><strong>Maison d&#8217;\u00e9dition\u00a0Editorial UOC<\/strong><\/span><\/p>\n<p><span style=\"color: #003366;\"><strong>R\u00e9sum\u00e9:<\/strong><\/span> En un contexto en el que el sector gana un protagonismo social creciente, el presente libro ofrece una visi\u00f3n integral sobre la estructura, el funcionamiento y las actividades de la seguridad privada. La obra se dirige tanto al mundo acad\u00e9mico, como al profesional. Combina una perspectiva acad\u00e9mica rigurosa con una visi\u00f3n aplicada. Es principalmente un texto de an\u00e1lisis de la seguridad que aborda sus aspectos decisivos. Discute los fundamentos en los que se basa la seguridad. Explica con detalle c\u00f3mo se analizan los riesgos y las distintas perspectivas para hacerlo. Aborda a fondo la cuesti\u00f3n de la planificaci\u00f3n y evaluaci\u00f3n de servicios de seguridad. Estudia las estrategias, las demandas, la tecnolog\u00eda y otros factores en el dise\u00f1o de servicios de seguridad. Analiza, de manera comparada, la estructura del sector privado espa\u00f1ol y su marco legal. Finalmente, estudia la compleja cuesti\u00f3n de la relaci\u00f3n entre la seguridad privada y la p\u00fablica. Se trata de un texto escrito con un lenguaje claro, un estilo directo y con numerosos ejemplos y datos sobre su realidad. Disfruten todos\/as de su lectura.<\/p>\n","protected":false},"excerpt":{"rendered":"<p>Diego Torrente Maison d&#8217;\u00e9dition\u00a0Editorial UOC R\u00e9sum\u00e9: En un contexto en el que el sector gana un protagonismo social creciente, el presente libro ofrece una visi\u00f3n integral sobre la estructura, el funcionamiento y las actividades de la seguridad privada. La obra se dirige tanto al mundo acad\u00e9mico, como al profesional. Combina una perspectiva acad\u00e9mica rigurosa con una visi\u00f3n aplicada. Es principalmente un texto de an\u00e1lisis de la seguridad que aborda sus&hellip; <\/p>\n","protected":false},"author":3,"featured_media":13632,"comment_status":"open","ping_status":"closed","sticky":false,"template":"","format":"standard","meta":{"footnotes":""},"categories":[81,23,6],"tags":[],"class_list":["post-13631","post","type-post","status-publish","format-standard","has-post-thumbnail","hentry","category-espanol","category-gestao-da-seguranca-empresarial","category-livros"],"views":289,"_links":{"self":[{"href":"https:\/\/www.bibliotecadeseguranca.com.br\/fr\/wp-json\/wp\/v2\/posts\/13631","targetHints":{"allow":["GET"]}}],"collection":[{"href":"https:\/\/www.bibliotecadeseguranca.com.br\/fr\/wp-json\/wp\/v2\/posts"}],"about":[{"href":"https:\/\/www.bibliotecadeseguranca.com.br\/fr\/wp-json\/wp\/v2\/types\/post"}],"author":[{"embeddable":true,"href":"https:\/\/www.bibliotecadeseguranca.com.br\/fr\/wp-json\/wp\/v2\/users\/3"}],"replies":[{"embeddable":true,"href":"https:\/\/www.bibliotecadeseguranca.com.br\/fr\/wp-json\/wp\/v2\/comments?post=13631"}],"version-history":[{"count":1,"href":"https:\/\/www.bibliotecadeseguranca.com.br\/fr\/wp-json\/wp\/v2\/posts\/13631\/revisions"}],"predecessor-version":[{"id":13633,"href":"https:\/\/www.bibliotecadeseguranca.com.br\/fr\/wp-json\/wp\/v2\/posts\/13631\/revisions\/13633"}],"wp:featuredmedia":[{"embeddable":true,"href":"https:\/\/www.bibliotecadeseguranca.com.br\/fr\/wp-json\/wp\/v2\/media\/13632"}],"wp:attachment":[{"href":"https:\/\/www.bibliotecadeseguranca.com.br\/fr\/wp-json\/wp\/v2\/media?parent=13631"}],"wp:term":[{"taxonomy":"category","embeddable":true,"href":"https:\/\/www.bibliotecadeseguranca.com.br\/fr\/wp-json\/wp\/v2\/categories?post=13631"},{"taxonomy":"post_tag","embeddable":true,"href":"https:\/\/www.bibliotecadeseguranca.com.br\/fr\/wp-json\/wp\/v2\/tags?post=13631"}],"curies":[{"name":"wp","href":"https:\/\/api.w.org\/{rel}","templated":true}]}}