{"id":13586,"date":"2016-12-02T13:00:47","date_gmt":"2016-12-02T16:00:47","guid":{"rendered":"http:\/\/www.bibliotecadeseguranca.com.br\/fr\/?p=13586"},"modified":"2016-12-02T08:20:44","modified_gmt":"2016-12-02T11:20:44","slug":"como-contratar-seguranca-privada-legal-e-qualificada","status":"publish","type":"post","link":"https:\/\/www.bibliotecadeseguranca.com.br\/fr\/livros\/como-contratar-seguranca-privada-legal-e-qualificada\/","title":{"rendered":"Como Contratar Seguran\u00e7a Privada Legal e Qualificada"},"content":{"rendered":"<p><span style=\"color: #003366;\"><strong><img loading=\"lazy\" decoding=\"async\" class=\"alignleft size-full wp-image-13587\" src=\"http:\/\/www.bibliotecadeseguranca.com.br\/fr\/wp-content\/uploads\/2016\/12\/Como-Contratar-Seguran\u00e7a-Privada-Legal-e-Qualificada.jpg\" alt=\"Como Contratar Seguran\u00e7a Privada Legal e Qualificada\" width=\"145\" height=\"206\" srcset=\"https:\/\/www.bibliotecadeseguranca.com.br\/fr\/wp-content\/uploads\/2016\/12\/Como-Contratar-Seguran\u00e7a-Privada-Legal-e-Qualificada.jpg 145w, https:\/\/www.bibliotecadeseguranca.com.br\/fr\/wp-content\/uploads\/2016\/12\/Como-Contratar-Seguran\u00e7a-Privada-Legal-e-Qualificada-106x150.jpg 106w\" sizes=\"auto, (max-width: 145px) 100vw, 145px\" \/>Fenavist<\/strong><\/span><\/p>\n<p><span style=\"color: #003366;\"><strong>R\u00e9sum\u00e9:<\/strong><\/span> O aumento da viol\u00eancia e criminalidade no Brasil nas \u00faltimas d\u00e9cadas mostra a necessidade crescente de propiciar melhoria na seguran\u00e7a das pessoas e de garantir maior prote\u00e7\u00e3o ao patrim\u00f4nio p\u00fablico e privado. Em paralelo \u00e0s a\u00e7\u00f5es preventivas e repressivas por parte das diversas for\u00e7as policiais, existem determinados riscos e amea\u00e7as que n\u00e3o s\u00e3o poss\u00edveis de serem combatidos apenas pelos \u00f3rg\u00e3os de seguran\u00e7a p\u00fablica. Assim, a exemplo das na\u00e7\u00f5es mais desenvolvidas do mundo, o nosso Pa\u00eds<br \/>\ndisp\u00f5e tamb\u00e9m de empresas de seguran\u00e7a privada credenciadas pelo poder p\u00fablico, com corpo profissional especializado, visando prestar um trabalho eficiente. Em raz\u00e3o do elevado grau de responsabilidade destes servi\u00e7os, as atividades de seguran\u00e7a privada s\u00e3o controladas e fiscalizadas pela Pol\u00edcia Federal, \u00f3rg\u00e3o do Minist\u00e9rio da Justi\u00e7a.<\/p>\n<p>Com este cen\u00e1rio, a Pol\u00edcia Federal, na sua atribui\u00e7\u00e3o de controle e fiscaliza\u00e7\u00e3o sobre esta atividade, entende ser imprescind\u00edvel tamb\u00e9m um trabalho de preven\u00e7\u00e3o e divulga\u00e7\u00e3o para toda a sociedade. Assim, surgiu a Campanha Nacional de Preven\u00e7\u00e3o e Combate \u00e0 Seguran\u00e7a Clandestina, visando principalmente esclarecer a popula\u00e7\u00e3o da necessidade de regulariza\u00e7\u00e3o da seguran\u00e7a privada e das graves consequ\u00eancias que podem advir da atividade prestada por pessoas n\u00e3o qualificadas, sem controle do poder p\u00fablico sobre suas condi\u00e7\u00f5es f\u00edsicas, psicol\u00f3gicas e antecedentes criminais, colocando a Pol\u00edcia Federal mais pr\u00f3xima da sociedade para prestar esclarecimentos sobre a regulariza\u00e7\u00e3o da atividade e receber den\u00fancias que auxiliem no combate das irregularidades.<\/p>\n<p>Com o objetivo de esclarecer \u00e0 sociedade brasileira como funciona de fato e de direito a presta\u00e7\u00e3o de servi\u00e7os de seguran\u00e7a privada no Brasil, a Funda\u00e7\u00e3o Brasileira de Ci\u00eancias Policiais \u2013 FBCP, sob a supervis\u00e3o e orienta\u00e7\u00e3o da Pol\u00edcia Federal e apoio da FENAVIST \u2013 Federa\u00e7\u00e3o Nacional das Empresas de Seguran\u00e7a e Transportes de Valores, editou esta cartilha de car\u00e1ter educativo.<br \/>\nCom t\u00f3picos importantes sobre o funcionamento da seguran\u00e7a privada, esta publica\u00e7\u00e3o ir\u00e1 instruir de maneira muito clara todas as d\u00favidas comuns das pessoas e empresas que contratam esses servi\u00e7os, bem como daqueles que desejam contratar.<\/p>\n<p>A leitura desta cartilha permitir\u00e1 compreender a import\u00e2ncia de contratar empresas de seguran\u00e7a privada que estejam em conformidade com a Lei n\u00ba. 7.102\/83, Decreto 89.056\/83 e de acordo com as normas estabelecidas na Portaria 3.233\/2012-DG\/DPF, garantindo assim, uma contrata\u00e7\u00e3o legal, especializada e com qualidade nos servi\u00e7os prestados.<\/p>\n<p><a href=\"http:\/\/www.bibliotecadeseguranca.com.br\/wp-content\/uploads\/2016\/12\/Como-Contratar-Seguran\u00e7a-Privada-Legal-e-Qualificada.pdf\" target=\"_blank\"><img loading=\"lazy\" decoding=\"async\" class=\"alignleft wp-image-12143 size-full\" src=\"http:\/\/www.bibliotecadeseguranca.com.br\/fr\/wp-content\/uploads\/2015\/03\/download_fr.gif\" alt=\"T\u00e9l\u00e9charger\" width=\"107\" height=\"25\" \/><\/a><\/p>\n","protected":false},"excerpt":{"rendered":"<p>Fenavist R\u00e9sum\u00e9: O aumento da viol\u00eancia e criminalidade no Brasil nas \u00faltimas d\u00e9cadas mostra a necessidade crescente de propiciar melhoria na seguran\u00e7a das pessoas e de garantir maior prote\u00e7\u00e3o ao patrim\u00f4nio p\u00fablico e privado. Em paralelo \u00e0s a\u00e7\u00f5es preventivas e repressivas por parte das diversas for\u00e7as policiais, existem determinados riscos e amea\u00e7as que n\u00e3o s\u00e3o poss\u00edveis de serem combatidos apenas pelos \u00f3rg\u00e3os de seguran\u00e7a p\u00fablica. Assim, a exemplo das na\u00e7\u00f5es&hellip; <\/p>\n","protected":false},"author":3,"featured_media":13587,"comment_status":"open","ping_status":"closed","sticky":false,"template":"","format":"standard","meta":{"footnotes":""},"categories":[23,6,112],"tags":[],"class_list":["post-13586","post","type-post","status-publish","format-standard","has-post-thumbnail","hentry","category-gestao-da-seguranca-empresarial","category-livros","category-download"],"views":511,"_links":{"self":[{"href":"https:\/\/www.bibliotecadeseguranca.com.br\/fr\/wp-json\/wp\/v2\/posts\/13586","targetHints":{"allow":["GET"]}}],"collection":[{"href":"https:\/\/www.bibliotecadeseguranca.com.br\/fr\/wp-json\/wp\/v2\/posts"}],"about":[{"href":"https:\/\/www.bibliotecadeseguranca.com.br\/fr\/wp-json\/wp\/v2\/types\/post"}],"author":[{"embeddable":true,"href":"https:\/\/www.bibliotecadeseguranca.com.br\/fr\/wp-json\/wp\/v2\/users\/3"}],"replies":[{"embeddable":true,"href":"https:\/\/www.bibliotecadeseguranca.com.br\/fr\/wp-json\/wp\/v2\/comments?post=13586"}],"version-history":[{"count":1,"href":"https:\/\/www.bibliotecadeseguranca.com.br\/fr\/wp-json\/wp\/v2\/posts\/13586\/revisions"}],"predecessor-version":[{"id":13588,"href":"https:\/\/www.bibliotecadeseguranca.com.br\/fr\/wp-json\/wp\/v2\/posts\/13586\/revisions\/13588"}],"wp:featuredmedia":[{"embeddable":true,"href":"https:\/\/www.bibliotecadeseguranca.com.br\/fr\/wp-json\/wp\/v2\/media\/13587"}],"wp:attachment":[{"href":"https:\/\/www.bibliotecadeseguranca.com.br\/fr\/wp-json\/wp\/v2\/media?parent=13586"}],"wp:term":[{"taxonomy":"category","embeddable":true,"href":"https:\/\/www.bibliotecadeseguranca.com.br\/fr\/wp-json\/wp\/v2\/categories?post=13586"},{"taxonomy":"post_tag","embeddable":true,"href":"https:\/\/www.bibliotecadeseguranca.com.br\/fr\/wp-json\/wp\/v2\/tags?post=13586"}],"curies":[{"name":"wp","href":"https:\/\/api.w.org\/{rel}","templated":true}]}}