{"id":13551,"date":"2016-11-17T13:00:48","date_gmt":"2016-11-17T16:00:48","guid":{"rendered":"http:\/\/www.bibliotecadeseguranca.com.br\/fr\/?p=13551"},"modified":"2016-11-17T10:00:18","modified_gmt":"2016-11-17T13:00:18","slug":"protocolo-comunicacion-y-seguridad-en-eventos-posibles-amenazas","status":"publish","type":"post","link":"https:\/\/www.bibliotecadeseguranca.com.br\/fr\/livros\/protocolo-comunicacion-y-seguridad-en-eventos-posibles-amenazas\/","title":{"rendered":"Protocolo, comunicaci\u00f3n y seguridad en eventos: posibles amenazas"},"content":{"rendered":"<p><span style=\"color: #003366;\"><strong><img loading=\"lazy\" decoding=\"async\" class=\"alignleft size-full wp-image-13552\" src=\"http:\/\/www.bibliotecadeseguranca.com.br\/fr\/wp-content\/uploads\/2016\/11\/Protocolo-comunicaci\u00f3n-y-seguridad-en-eventos-posibles-amenazas.jpg\" alt=\"Protocolo, comunicaci\u00f3n y seguridad en eventos: posibles amenazas\" width=\"145\" height=\"209\" srcset=\"https:\/\/www.bibliotecadeseguranca.com.br\/fr\/wp-content\/uploads\/2016\/11\/Protocolo-comunicaci\u00f3n-y-seguridad-en-eventos-posibles-amenazas.jpg 145w, https:\/\/www.bibliotecadeseguranca.com.br\/fr\/wp-content\/uploads\/2016\/11\/Protocolo-comunicaci\u00f3n-y-seguridad-en-eventos-posibles-amenazas-104x150.jpg 104w\" sizes=\"auto, (max-width: 145px) 100vw, 145px\" \/>Olga S\u00e1nchez G\u00f3nzalez<\/strong><\/span><\/p>\n<p><span style=\"color: #003366;\"><strong>Maison d&#8217;\u00e9dition\u00a0Icono 14<\/strong><\/span><\/p>\n<p><span style=\"color: #003366;\"><strong>R\u00e9sum\u00e9:<\/strong><\/span> La Seguridad es un eslabo\u0301n fundamental a la hora de organizar un even- to o encuentro profesional ya sea pu\u0301blico o privado.<\/p>\n<p>El panorama poli\u0301tico actual, la crisis, la xenofobia, el objetivo cegador del beneficio antes que la seguridad y el descontento social han provocado desafortunados sucesos en distintos actos por lo que debemos contemplar nuevas amenazas.<\/p>\n<p>La recopilacio\u0301n de estos arti\u0301culos nace tras la celebracio\u0301n del I Seminario de Comunicacio\u0301n y Seguridad en Eventos celebrado en la Facultad de Ciencias de la Informacio\u0301n de la Universidad Complutense de Madrid en febrero de 2015. Como codirectora y coordinadora del evento he podido comprobar las demandas y necesidades de los promotores y organiza- dores de eventos, al igual que de los encargados y miembros en la propia operativa de seguridad, ya sean pu\u0301blicos o privados.<\/p>\n<p>Este libro refunde recomendaciones de protocolo, comunicacio\u0301n y seguridad en distintos eventos intentando concienciar a profesionales, investigadores, profesores y estudiantes, informando sobre las actuales necesidades en el sector de la organizacio\u0301n de eventos, planificacio\u0301n de la seguridad y reputacio\u0301n corporativa.<\/p>\n<p>En ciudades grandes y pequen\u0303as se producen errores o falta de prevencio\u0301n en seguridad en distintos eventos y todo esto sostiene una repercusio\u0301n media\u0301tica cuando el desenlace es desfavorable por incidentes mortales.<\/p>\n","protected":false},"excerpt":{"rendered":"<p>Olga S\u00e1nchez G\u00f3nzalez Maison d&#8217;\u00e9dition\u00a0Icono 14 R\u00e9sum\u00e9: La Seguridad es un eslabo\u0301n fundamental a la hora de organizar un even- to o encuentro profesional ya sea pu\u0301blico o privado. El panorama poli\u0301tico actual, la crisis, la xenofobia, el objetivo cegador del beneficio antes que la seguridad y el descontento social han provocado desafortunados sucesos en distintos actos por lo que debemos contemplar nuevas amenazas. La recopilacio\u0301n de estos arti\u0301culos nace&hellip; <\/p>\n","protected":false},"author":3,"featured_media":13552,"comment_status":"open","ping_status":"closed","sticky":false,"template":"","format":"standard","meta":{"footnotes":""},"categories":[81,23,6,25],"tags":[],"class_list":["post-13551","post","type-post","status-publish","format-standard","has-post-thumbnail","hentry","category-espanol","category-gestao-da-seguranca-empresarial","category-livros","category-seguranca-publica-e-defesa"],"views":471,"_links":{"self":[{"href":"https:\/\/www.bibliotecadeseguranca.com.br\/fr\/wp-json\/wp\/v2\/posts\/13551","targetHints":{"allow":["GET"]}}],"collection":[{"href":"https:\/\/www.bibliotecadeseguranca.com.br\/fr\/wp-json\/wp\/v2\/posts"}],"about":[{"href":"https:\/\/www.bibliotecadeseguranca.com.br\/fr\/wp-json\/wp\/v2\/types\/post"}],"author":[{"embeddable":true,"href":"https:\/\/www.bibliotecadeseguranca.com.br\/fr\/wp-json\/wp\/v2\/users\/3"}],"replies":[{"embeddable":true,"href":"https:\/\/www.bibliotecadeseguranca.com.br\/fr\/wp-json\/wp\/v2\/comments?post=13551"}],"version-history":[{"count":1,"href":"https:\/\/www.bibliotecadeseguranca.com.br\/fr\/wp-json\/wp\/v2\/posts\/13551\/revisions"}],"predecessor-version":[{"id":13553,"href":"https:\/\/www.bibliotecadeseguranca.com.br\/fr\/wp-json\/wp\/v2\/posts\/13551\/revisions\/13553"}],"wp:featuredmedia":[{"embeddable":true,"href":"https:\/\/www.bibliotecadeseguranca.com.br\/fr\/wp-json\/wp\/v2\/media\/13552"}],"wp:attachment":[{"href":"https:\/\/www.bibliotecadeseguranca.com.br\/fr\/wp-json\/wp\/v2\/media?parent=13551"}],"wp:term":[{"taxonomy":"category","embeddable":true,"href":"https:\/\/www.bibliotecadeseguranca.com.br\/fr\/wp-json\/wp\/v2\/categories?post=13551"},{"taxonomy":"post_tag","embeddable":true,"href":"https:\/\/www.bibliotecadeseguranca.com.br\/fr\/wp-json\/wp\/v2\/tags?post=13551"}],"curies":[{"name":"wp","href":"https:\/\/api.w.org\/{rel}","templated":true}]}}