{"id":13476,"date":"2016-10-14T14:00:43","date_gmt":"2016-10-14T17:00:43","guid":{"rendered":"http:\/\/www.bibliotecadeseguranca.com.br\/fr\/?p=13476"},"modified":"2016-10-14T13:10:47","modified_gmt":"2016-10-14T16:10:47","slug":"medo-social-da-violencia-visivel-ao-invisivel-da-violencia","status":"publish","type":"post","link":"https:\/\/www.bibliotecadeseguranca.com.br\/fr\/livros\/medo-social-da-violencia-visivel-ao-invisivel-da-violencia\/","title":{"rendered":"Medo Social &#8211; Da Viol\u00eancia Vis\u00edvel ao Invis\u00edvel da Viol\u00eancia"},"content":{"rendered":"<p><span style=\"color: #003366;\"><strong><img loading=\"lazy\" decoding=\"async\" class=\"alignleft size-full wp-image-13477\" src=\"http:\/\/www.bibliotecadeseguranca.com.br\/fr\/wp-content\/uploads\/2016\/10\/Medo-Social-Da-Viol\u00eancia-Vis\u00edvel-ao-Invis\u00edvel-da-Viol\u00eancia.jpg\" alt=\"Medo Social - Da Viol\u00eancia Vis\u00edvel ao Invis\u00edvel da Viol\u00eancia\" width=\"145\" height=\"208\" srcset=\"https:\/\/www.bibliotecadeseguranca.com.br\/fr\/wp-content\/uploads\/2016\/10\/Medo-Social-Da-Viol\u00eancia-Vis\u00edvel-ao-Invis\u00edvel-da-Viol\u00eancia.jpg 145w, https:\/\/www.bibliotecadeseguranca.com.br\/fr\/wp-content\/uploads\/2016\/10\/Medo-Social-Da-Viol\u00eancia-Vis\u00edvel-ao-Invis\u00edvel-da-Viol\u00eancia-105x150.jpg 105w\" sizes=\"auto, (max-width: 145px) 100vw, 145px\" \/>Luzia F\u00e1tima Baierl<\/strong><\/span><\/p>\n<p><span style=\"color: #003366;\"><strong>Maison d&#8217;\u00e9dition\u00a0Cortez<\/strong><\/span><\/p>\n<p><span style=\"color: #003366;\"><strong>R\u00e9sum\u00e9:<\/strong><\/span> Viol\u00eancia urbana e medo. Sem d\u00favida, vivemos em uma sociedade onde a viol\u00eancia urbana e o medo se entrela\u00e7am, gerando situa\u00e7\u00f5es nas quais, freq\u00fcentemente, temos dificuldade de distinguir entre realidade, imagina\u00e7\u00e3o e paran\u00f3ia. O livro de Luzia F\u00e1tima Baierl\u00e9 oportuno, pois ele enfrenta com serenidade e acuidade anal\u00edtica essas quest\u00f5es que transformam o nosso cotidiano. O seu trabalho parte da hip\u00f3tese de que a viol\u00eancia, al\u00e9m de se manifestar de forma diferenciada, afeta de modo distinto o cotidiano e a vida da sociedade. E o medo, que \u00e9 produzido e constru\u00eddo atrav\u00e9s das m\u00faltiplas formas de manifesta\u00e7\u00f5es da viol\u00eancia, altera drasticamente as rela\u00e7\u00f5es entre as pessoas, normas e padr\u00f5es de educa\u00e7\u00e3o, conduta e introduz um novo padr\u00e3o de segrega\u00e7\u00e3o urbana&#8217;. &#8211; Professora e Doutora M\u00e1rcia Regina da Costa<\/p>\n","protected":false},"excerpt":{"rendered":"<p>Luzia F\u00e1tima Baierl Maison d&#8217;\u00e9dition\u00a0Cortez R\u00e9sum\u00e9: Viol\u00eancia urbana e medo. Sem d\u00favida, vivemos em uma sociedade onde a viol\u00eancia urbana e o medo se entrela\u00e7am, gerando situa\u00e7\u00f5es nas quais, freq\u00fcentemente, temos dificuldade de distinguir entre realidade, imagina\u00e7\u00e3o e paran\u00f3ia. O livro de Luzia F\u00e1tima Baierl\u00e9 oportuno, pois ele enfrenta com serenidade e acuidade anal\u00edtica essas quest\u00f5es que transformam o nosso cotidiano. O seu trabalho parte da hip\u00f3tese de que a&hellip; <\/p>\n","protected":false},"author":3,"featured_media":13477,"comment_status":"open","ping_status":"closed","sticky":false,"template":"","format":"standard","meta":{"footnotes":""},"categories":[6,25],"tags":[],"class_list":["post-13476","post","type-post","status-publish","format-standard","has-post-thumbnail","hentry","category-livros","category-seguranca-publica-e-defesa"],"views":348,"_links":{"self":[{"href":"https:\/\/www.bibliotecadeseguranca.com.br\/fr\/wp-json\/wp\/v2\/posts\/13476","targetHints":{"allow":["GET"]}}],"collection":[{"href":"https:\/\/www.bibliotecadeseguranca.com.br\/fr\/wp-json\/wp\/v2\/posts"}],"about":[{"href":"https:\/\/www.bibliotecadeseguranca.com.br\/fr\/wp-json\/wp\/v2\/types\/post"}],"author":[{"embeddable":true,"href":"https:\/\/www.bibliotecadeseguranca.com.br\/fr\/wp-json\/wp\/v2\/users\/3"}],"replies":[{"embeddable":true,"href":"https:\/\/www.bibliotecadeseguranca.com.br\/fr\/wp-json\/wp\/v2\/comments?post=13476"}],"version-history":[{"count":1,"href":"https:\/\/www.bibliotecadeseguranca.com.br\/fr\/wp-json\/wp\/v2\/posts\/13476\/revisions"}],"predecessor-version":[{"id":13478,"href":"https:\/\/www.bibliotecadeseguranca.com.br\/fr\/wp-json\/wp\/v2\/posts\/13476\/revisions\/13478"}],"wp:featuredmedia":[{"embeddable":true,"href":"https:\/\/www.bibliotecadeseguranca.com.br\/fr\/wp-json\/wp\/v2\/media\/13477"}],"wp:attachment":[{"href":"https:\/\/www.bibliotecadeseguranca.com.br\/fr\/wp-json\/wp\/v2\/media?parent=13476"}],"wp:term":[{"taxonomy":"category","embeddable":true,"href":"https:\/\/www.bibliotecadeseguranca.com.br\/fr\/wp-json\/wp\/v2\/categories?post=13476"},{"taxonomy":"post_tag","embeddable":true,"href":"https:\/\/www.bibliotecadeseguranca.com.br\/fr\/wp-json\/wp\/v2\/tags?post=13476"}],"curies":[{"name":"wp","href":"https:\/\/api.w.org\/{rel}","templated":true}]}}