{"id":13441,"date":"2016-09-29T14:00:22","date_gmt":"2016-09-29T17:00:22","guid":{"rendered":"http:\/\/www.bibliotecadeseguranca.com.br\/fr\/?p=13441"},"modified":"2016-09-29T13:15:16","modified_gmt":"2016-09-29T16:15:16","slug":"seguranca-publica-2","status":"publish","type":"post","link":"https:\/\/www.bibliotecadeseguranca.com.br\/fr\/livros\/seguranca-publica-2\/","title":{"rendered":"Seguran\u00e7a P\u00fablica"},"content":{"rendered":"<p><span style=\"color: #003366;\"><strong><img loading=\"lazy\" decoding=\"async\" class=\"alignleft size-full wp-image-13442\" src=\"http:\/\/www.bibliotecadeseguranca.com.br\/fr\/wp-content\/uploads\/2016\/09\/Seguran\u00e7a-P\u00fablica.jpg\" alt=\"Seguran\u00e7a P\u00fablica\" width=\"145\" height=\"208\" srcset=\"https:\/\/www.bibliotecadeseguranca.com.br\/fr\/wp-content\/uploads\/2016\/09\/Seguran\u00e7a-P\u00fablica.jpg 145w, https:\/\/www.bibliotecadeseguranca.com.br\/fr\/wp-content\/uploads\/2016\/09\/Seguran\u00e7a-P\u00fablica-105x150.jpg 105w\" sizes=\"auto, (max-width: 145px) 100vw, 145px\" \/>Vladimir Passos de Freitas, Fernando Murilo Costa Garcia<\/strong><\/span><\/p>\n<p><span style=\"color: #003366;\"><strong>Maison d&#8217;\u00e9dition\u00a0Lumen Juris<\/strong><\/span><\/p>\n<p><span style=\"color: #003366;\"><strong>R\u00e9sum\u00e9:<\/strong><\/span> A presente obra compila in\u00fameros artigos cr\u00edticos e cient\u00edficos de especialistas, mestres, doutores, professores e profissionais acerca da Seguran\u00e7a P\u00fablica. O tema \u00e9 abordado de forma multidisciplinar e traz conte\u00fado nacional e internacional, de modo a conduzir o leitor a uma reflex\u00e3o acerca das principais nuances e quest\u00f5es cr\u00edticas sobre o tema.<\/p>\n","protected":false},"excerpt":{"rendered":"<p>Vladimir Passos de Freitas, Fernando Murilo Costa Garcia Maison d&#8217;\u00e9dition\u00a0Lumen Juris R\u00e9sum\u00e9: A presente obra compila in\u00fameros artigos cr\u00edticos e cient\u00edficos de especialistas, mestres, doutores, professores e profissionais acerca da Seguran\u00e7a P\u00fablica. O tema \u00e9 abordado de forma multidisciplinar e traz conte\u00fado nacional e internacional, de modo a conduzir o leitor a uma reflex\u00e3o acerca das principais nuances e quest\u00f5es cr\u00edticas sobre o tema.<\/p>\n","protected":false},"author":3,"featured_media":13442,"comment_status":"open","ping_status":"closed","sticky":false,"template":"","format":"standard","meta":{"footnotes":""},"categories":[6,25],"tags":[],"class_list":["post-13441","post","type-post","status-publish","format-standard","has-post-thumbnail","hentry","category-livros","category-seguranca-publica-e-defesa"],"views":604,"_links":{"self":[{"href":"https:\/\/www.bibliotecadeseguranca.com.br\/fr\/wp-json\/wp\/v2\/posts\/13441","targetHints":{"allow":["GET"]}}],"collection":[{"href":"https:\/\/www.bibliotecadeseguranca.com.br\/fr\/wp-json\/wp\/v2\/posts"}],"about":[{"href":"https:\/\/www.bibliotecadeseguranca.com.br\/fr\/wp-json\/wp\/v2\/types\/post"}],"author":[{"embeddable":true,"href":"https:\/\/www.bibliotecadeseguranca.com.br\/fr\/wp-json\/wp\/v2\/users\/3"}],"replies":[{"embeddable":true,"href":"https:\/\/www.bibliotecadeseguranca.com.br\/fr\/wp-json\/wp\/v2\/comments?post=13441"}],"version-history":[{"count":1,"href":"https:\/\/www.bibliotecadeseguranca.com.br\/fr\/wp-json\/wp\/v2\/posts\/13441\/revisions"}],"predecessor-version":[{"id":13443,"href":"https:\/\/www.bibliotecadeseguranca.com.br\/fr\/wp-json\/wp\/v2\/posts\/13441\/revisions\/13443"}],"wp:featuredmedia":[{"embeddable":true,"href":"https:\/\/www.bibliotecadeseguranca.com.br\/fr\/wp-json\/wp\/v2\/media\/13442"}],"wp:attachment":[{"href":"https:\/\/www.bibliotecadeseguranca.com.br\/fr\/wp-json\/wp\/v2\/media?parent=13441"}],"wp:term":[{"taxonomy":"category","embeddable":true,"href":"https:\/\/www.bibliotecadeseguranca.com.br\/fr\/wp-json\/wp\/v2\/categories?post=13441"},{"taxonomy":"post_tag","embeddable":true,"href":"https:\/\/www.bibliotecadeseguranca.com.br\/fr\/wp-json\/wp\/v2\/tags?post=13441"}],"curies":[{"name":"wp","href":"https:\/\/api.w.org\/{rel}","templated":true}]}}