{"id":13366,"date":"2016-08-29T14:00:54","date_gmt":"2016-08-29T17:00:54","guid":{"rendered":"http:\/\/www.bibliotecadeseguranca.com.br\/fr\/?p=13366"},"modified":"2016-08-29T12:38:32","modified_gmt":"2016-08-29T15:38:32","slug":"etica-e-seguranca-digital-cartilha-orientativa","status":"publish","type":"post","link":"https:\/\/www.bibliotecadeseguranca.com.br\/fr\/livros\/etica-e-seguranca-digital-cartilha-orientativa\/","title":{"rendered":"\u00c9tica e Seguran\u00e7a Digital &#8211; Cartilha Orientativa"},"content":{"rendered":"<p><span style=\"color: #003366;\"><strong><img loading=\"lazy\" decoding=\"async\" class=\"alignleft size-full wp-image-13367\" src=\"http:\/\/www.bibliotecadeseguranca.com.br\/fr\/wp-content\/uploads\/2016\/08\/\u00c9tica-e-Seguran\u00e7a-Digital-Cartilha-Orientativa.jpg\" alt=\"\u00c9tica e Seguran\u00e7a Digital - Cartilha Orientativa\" width=\"145\" height=\"206\" srcset=\"https:\/\/www.bibliotecadeseguranca.com.br\/fr\/wp-content\/uploads\/2016\/08\/\u00c9tica-e-Seguran\u00e7a-Digital-Cartilha-Orientativa.jpg 145w, https:\/\/www.bibliotecadeseguranca.com.br\/fr\/wp-content\/uploads\/2016\/08\/\u00c9tica-e-Seguran\u00e7a-Digital-Cartilha-Orientativa-106x150.jpg 106w\" sizes=\"auto, (max-width: 145px) 100vw, 145px\" \/>Minist\u00e9rio P\u00fablico do Distrito Federal e Territ\u00f3rios<\/strong><\/span><\/p>\n<p><span style=\"color: #003366;\"><strong>R\u00e9sum\u00e9:<\/strong><\/span> A Sociedade Digital tem como maior riqueza o conhecimento. Todo avan\u00e7o tecnol\u00f3gico deve servir ao crescimento e desenvolvimento dos valores \u00e9ticos que norteiam este momento de vida real-virtual.<\/p>\n<p>Por isso, a educa\u00e7\u00e3o para o uso \u00e9tico, seguro e legal das tecnologias e das informa\u00e7\u00f5es \u00e9 essencial.<\/p>\n<p>Formar \u201cusu\u00e1rios digitalmente corretos\u201d \u00e9 a miss\u00e3o deste movimento pela \u201cFam\u00edlia Mais Segura na Internet\u201d. Disseminar esta miss\u00e3o atrav\u00e9s de conte\u00fados de capacita\u00e7\u00e3o e<br \/>\nconscientiza\u00e7\u00e3o \u00e9 a nossa meta.<\/p>\n<p>Esta cartilha \u00e9 parte integrante do Movimento \u201cFam\u00edlia Mais Segura na Internet\u201d, projeto de iniciativa da I-Start Instituto Internet no Estado da Arte e Patricia Peck Pinheiro Treinamentos \u2013 e idealizado por Patricia Peck Pinheiro Advogados, cuja concretiza\u00e7\u00e3o se tornou poss\u00edvel atrav\u00e9s do patroc\u00ednio e apoio de diversas empresas.<\/p>\n<p>A cartilha possui duas partes: a primeira, voltada para alunos, com situa\u00e7\u00f5es ilustrativas que demonstram o uso adequado e seguro das ferramentas tecnol\u00f3gicas; e a segunda, dirigida aos educadores e fam\u00edlia, que traz um gloss\u00e1rio did\u00e1tico e explicativo sobre estas ferramentas de comunica\u00e7\u00e3o e intera\u00e7\u00e3o social, auxiliando-lhes a orientar seus filhos e alunos nesta nova era digital.<\/p>\n<p>Conhecimento gera responsabilidade!<\/p>\n<p>Vamos formar e informar a nova gera\u00e7\u00e3o digital!<\/p>\n<p>Dissemine essa ideia!<\/p>\n<p><a href=\"http:\/\/www.bibliotecadeseguranca.com.br\/wp-content\/uploads\/2016\/08\/\u00c9tica-e-Seguran\u00e7a-Digital.pdf\" target=\"_blank\"><img loading=\"lazy\" decoding=\"async\" class=\"alignleft wp-image-12143 size-full\" src=\"http:\/\/www.bibliotecadeseguranca.com.br\/fr\/wp-content\/uploads\/2015\/03\/download_fr.gif\" alt=\"T\u00e9l\u00e9charger\" width=\"107\" height=\"25\" \/><\/a><\/p>\n","protected":false},"excerpt":{"rendered":"<p>Minist\u00e9rio P\u00fablico do Distrito Federal e Territ\u00f3rios R\u00e9sum\u00e9: A Sociedade Digital tem como maior riqueza o conhecimento. Todo avan\u00e7o tecnol\u00f3gico deve servir ao crescimento e desenvolvimento dos valores \u00e9ticos que norteiam este momento de vida real-virtual. Por isso, a educa\u00e7\u00e3o para o uso \u00e9tico, seguro e legal das tecnologias e das informa\u00e7\u00f5es \u00e9 essencial. Formar \u201cusu\u00e1rios digitalmente corretos\u201d \u00e9 a miss\u00e3o deste movimento pela \u201cFam\u00edlia Mais Segura na Internet\u201d. Disseminar&hellip; <\/p>\n","protected":false},"author":3,"featured_media":13367,"comment_status":"open","ping_status":"closed","sticky":false,"template":"","format":"standard","meta":{"footnotes":""},"categories":[6,20,112],"tags":[],"class_list":["post-13366","post","type-post","status-publish","format-standard","has-post-thumbnail","hentry","category-livros","category-seguranca-da-informacao","category-download"],"views":350,"_links":{"self":[{"href":"https:\/\/www.bibliotecadeseguranca.com.br\/fr\/wp-json\/wp\/v2\/posts\/13366","targetHints":{"allow":["GET"]}}],"collection":[{"href":"https:\/\/www.bibliotecadeseguranca.com.br\/fr\/wp-json\/wp\/v2\/posts"}],"about":[{"href":"https:\/\/www.bibliotecadeseguranca.com.br\/fr\/wp-json\/wp\/v2\/types\/post"}],"author":[{"embeddable":true,"href":"https:\/\/www.bibliotecadeseguranca.com.br\/fr\/wp-json\/wp\/v2\/users\/3"}],"replies":[{"embeddable":true,"href":"https:\/\/www.bibliotecadeseguranca.com.br\/fr\/wp-json\/wp\/v2\/comments?post=13366"}],"version-history":[{"count":1,"href":"https:\/\/www.bibliotecadeseguranca.com.br\/fr\/wp-json\/wp\/v2\/posts\/13366\/revisions"}],"predecessor-version":[{"id":13368,"href":"https:\/\/www.bibliotecadeseguranca.com.br\/fr\/wp-json\/wp\/v2\/posts\/13366\/revisions\/13368"}],"wp:featuredmedia":[{"embeddable":true,"href":"https:\/\/www.bibliotecadeseguranca.com.br\/fr\/wp-json\/wp\/v2\/media\/13367"}],"wp:attachment":[{"href":"https:\/\/www.bibliotecadeseguranca.com.br\/fr\/wp-json\/wp\/v2\/media?parent=13366"}],"wp:term":[{"taxonomy":"category","embeddable":true,"href":"https:\/\/www.bibliotecadeseguranca.com.br\/fr\/wp-json\/wp\/v2\/categories?post=13366"},{"taxonomy":"post_tag","embeddable":true,"href":"https:\/\/www.bibliotecadeseguranca.com.br\/fr\/wp-json\/wp\/v2\/tags?post=13366"}],"curies":[{"name":"wp","href":"https:\/\/api.w.org\/{rel}","templated":true}]}}