{"id":13350,"date":"2016-08-22T14:00:33","date_gmt":"2016-08-22T17:00:33","guid":{"rendered":"http:\/\/www.bibliotecadeseguranca.com.br\/fr\/?p=13350"},"modified":"2016-08-22T12:43:32","modified_gmt":"2016-08-22T15:43:32","slug":"introducao-critica-a-criminologia-brasileira","status":"publish","type":"post","link":"https:\/\/www.bibliotecadeseguranca.com.br\/fr\/livros\/introducao-critica-a-criminologia-brasileira\/","title":{"rendered":"Introdu\u00e7\u00e3o Cr\u00edtica \u00e0 Criminologia Brasileira"},"content":{"rendered":"<p><span style=\"color: #003366;\"><strong><img loading=\"lazy\" decoding=\"async\" class=\"alignleft size-full wp-image-13351\" src=\"http:\/\/www.bibliotecadeseguranca.com.br\/fr\/wp-content\/uploads\/2016\/08\/Introdu\u00e7\u00e3o-Cr\u00edtica-\u00e0-Criminologia-Brasileira.jpg\" alt=\"Introdu\u00e7\u00e3o Cr\u00edtica \u00e0 Criminologia Brasileira\" width=\"145\" height=\"210\" srcset=\"https:\/\/www.bibliotecadeseguranca.com.br\/fr\/wp-content\/uploads\/2016\/08\/Introdu\u00e7\u00e3o-Cr\u00edtica-\u00e0-Criminologia-Brasileira.jpg 145w, https:\/\/www.bibliotecadeseguranca.com.br\/fr\/wp-content\/uploads\/2016\/08\/Introdu\u00e7\u00e3o-Cr\u00edtica-\u00e0-Criminologia-Brasileira-104x150.jpg 104w\" sizes=\"auto, (max-width: 145px) 100vw, 145px\" \/>Vera Malaguti Batista<\/strong><\/span><\/p>\n<p><span style=\"color: #003366;\"><strong>Maison d&#8217;\u00e9dition Revan<\/strong><\/span><\/p>\n<p><span style=\"color: #003366;\"><strong>R\u00e9sum\u00e9:<\/strong><\/span> Este livro pretende ser um guia para uma aproxima\u00e7\u00e3o transdisciplinar \u00e0 quest\u00e3o criminal e para os alunos de criminologia. Dentro da perspectiva denominada por Zaffaroni de \u201ccurso dos discursos sobre a quest\u00e3o criminal\u201d, esta obra trabalha os conte\u00fados te\u00f3ricos da criminologia numa perspectiva da hist\u00f3ria social das ideias. Partindo do s\u00e9culo XIII, no sentido da longa dura\u00e7\u00e3o, o poder punitivo vai tomando um lugar central na administra\u00e7\u00e3o da vida humana no Ocidente, em rela\u00e7\u00e3o direta com os movimentos de acumula\u00e7\u00e3o do capital, do surgimento e da consolida\u00e7\u00e3o do Estado e tamb\u00e9m com as pugnas referidas \u00e0 centraliza\u00e7\u00e3o da Igreja. A quest\u00e3o criminal aparece ent\u00e3o n\u00e3o como algo ontol\u00f3gico ou \u201cda natureza\u201d, mas como uma constru\u00e7\u00e3o hist\u00f3rico-social. A partir do s\u00e9culo XVIII, com o surgimento do Direito Penal moderno, a quest\u00e3o criminal vai adquirindo uma centralidade pol\u00edtica que se desenvolve nas marchas e contramarchas das rela\u00e7\u00f5es entre o capital, a m\u00e3o de obra e os sistemas penais. Nessa perspectiva hist\u00f3rica de rupturas e perman\u00eancias, as escolas criminol\u00f3gicas se apresentam, sempre, referidas \u00e0s demandas por ordem de cada conjuntura econ\u00f4mica, pol\u00edtica, social e cultural. Abrasileirar essa hist\u00f3ria \u00e9 um dos objetivos do estudo, tratando de entender as recep\u00e7\u00f5es das teorias dos centros hegem\u00f4nicos para a nossa realidade viva. Instigar a produ\u00e7\u00e3o de uma criminologia que sirva ao povo brasileiro \u00e9 o fio condutor e cr\u00edtico dessa pe\u00e7a acad\u00eamica.<\/p>\n","protected":false},"excerpt":{"rendered":"<p>Vera Malaguti Batista Maison d&#8217;\u00e9dition Revan R\u00e9sum\u00e9: Este livro pretende ser um guia para uma aproxima\u00e7\u00e3o transdisciplinar \u00e0 quest\u00e3o criminal e para os alunos de criminologia. Dentro da perspectiva denominada por Zaffaroni de \u201ccurso dos discursos sobre a quest\u00e3o criminal\u201d, esta obra trabalha os conte\u00fados te\u00f3ricos da criminologia numa perspectiva da hist\u00f3ria social das ideias. Partindo do s\u00e9culo XIII, no sentido da longa dura\u00e7\u00e3o, o poder punitivo vai tomando um&hellip; <\/p>\n","protected":false},"author":3,"featured_media":13351,"comment_status":"open","ping_status":"closed","sticky":false,"template":"","format":"standard","meta":{"footnotes":""},"categories":[10,6],"tags":[],"class_list":["post-13350","post","type-post","status-publish","format-standard","has-post-thumbnail","hentry","category-crime-violencia-e-criminologia","category-livros"],"views":284,"_links":{"self":[{"href":"https:\/\/www.bibliotecadeseguranca.com.br\/fr\/wp-json\/wp\/v2\/posts\/13350","targetHints":{"allow":["GET"]}}],"collection":[{"href":"https:\/\/www.bibliotecadeseguranca.com.br\/fr\/wp-json\/wp\/v2\/posts"}],"about":[{"href":"https:\/\/www.bibliotecadeseguranca.com.br\/fr\/wp-json\/wp\/v2\/types\/post"}],"author":[{"embeddable":true,"href":"https:\/\/www.bibliotecadeseguranca.com.br\/fr\/wp-json\/wp\/v2\/users\/3"}],"replies":[{"embeddable":true,"href":"https:\/\/www.bibliotecadeseguranca.com.br\/fr\/wp-json\/wp\/v2\/comments?post=13350"}],"version-history":[{"count":1,"href":"https:\/\/www.bibliotecadeseguranca.com.br\/fr\/wp-json\/wp\/v2\/posts\/13350\/revisions"}],"predecessor-version":[{"id":13352,"href":"https:\/\/www.bibliotecadeseguranca.com.br\/fr\/wp-json\/wp\/v2\/posts\/13350\/revisions\/13352"}],"wp:featuredmedia":[{"embeddable":true,"href":"https:\/\/www.bibliotecadeseguranca.com.br\/fr\/wp-json\/wp\/v2\/media\/13351"}],"wp:attachment":[{"href":"https:\/\/www.bibliotecadeseguranca.com.br\/fr\/wp-json\/wp\/v2\/media?parent=13350"}],"wp:term":[{"taxonomy":"category","embeddable":true,"href":"https:\/\/www.bibliotecadeseguranca.com.br\/fr\/wp-json\/wp\/v2\/categories?post=13350"},{"taxonomy":"post_tag","embeddable":true,"href":"https:\/\/www.bibliotecadeseguranca.com.br\/fr\/wp-json\/wp\/v2\/tags?post=13350"}],"curies":[{"name":"wp","href":"https:\/\/api.w.org\/{rel}","templated":true}]}}