{"id":13340,"date":"2016-08-18T14:00:10","date_gmt":"2016-08-18T17:00:10","guid":{"rendered":"http:\/\/www.bibliotecadeseguranca.com.br\/fr\/?p=13340"},"modified":"2016-08-18T05:43:04","modified_gmt":"2016-08-18T08:43:04","slug":"percepcao-sobre-seguranca-pelos-moradores-de-condominios-horizontais-fechados-no-municipio-de-curitiba-e-sua-relacao-com-a-violencia-urbana","status":"publish","type":"post","link":"https:\/\/www.bibliotecadeseguranca.com.br\/fr\/livros\/percepcao-sobre-seguranca-pelos-moradores-de-condominios-horizontais-fechados-no-municipio-de-curitiba-e-sua-relacao-com-a-violencia-urbana\/","title":{"rendered":"Percep\u00e7\u00e3o sobre seguran\u00e7a pelos moradores de condom\u00ednios horizontais fechados no munic\u00edpio de Curitiba e sua rela\u00e7\u00e3o com a viol\u00eancia urbana"},"content":{"rendered":"<p><span style=\"color: #003366;\"><strong><img loading=\"lazy\" decoding=\"async\" class=\"alignleft size-full wp-image-13341\" src=\"http:\/\/www.bibliotecadeseguranca.com.br\/fr\/wp-content\/uploads\/2016\/08\/Percep\u00e7\u00e3o-sobre-seguran\u00e7a-pelos-moradores-de-condom\u00ednios-horizontais-fechados-no-munic\u00edpio-de-Curitiba-e-sua-rela\u00e7\u00e3o-com-a-viol\u00eancia-urbana.jpg\" alt=\"Percep\u00e7\u00e3o sobre seguran\u00e7a pelos moradores de condom\u00ednios horizontais fechados no munic\u00edpio de Curitiba e sua rela\u00e7\u00e3o com a viol\u00eancia urbana\" width=\"145\" height=\"205\" srcset=\"https:\/\/www.bibliotecadeseguranca.com.br\/fr\/wp-content\/uploads\/2016\/08\/Percep\u00e7\u00e3o-sobre-seguran\u00e7a-pelos-moradores-de-condom\u00ednios-horizontais-fechados-no-munic\u00edpio-de-Curitiba-e-sua-rela\u00e7\u00e3o-com-a-viol\u00eancia-urbana.jpg 145w, https:\/\/www.bibliotecadeseguranca.com.br\/fr\/wp-content\/uploads\/2016\/08\/Percep\u00e7\u00e3o-sobre-seguran\u00e7a-pelos-moradores-de-condom\u00ednios-horizontais-fechados-no-munic\u00edpio-de-Curitiba-e-sua-rela\u00e7\u00e3o-com-a-viol\u00eancia-urbana-106x150.jpg 106w\" sizes=\"auto, (max-width: 145px) 100vw, 145px\" \/>Maria da Gra\u00e7a Burcowski<\/strong><\/span><\/p>\n<p><span style=\"color: #003366;\"><strong>R\u00e9sum\u00e9:<\/strong><\/span> Os condom\u00ednios horizontais fechados t\u00eam se proliferado nos espa\u00e7os das cidades e caracterizam-se como um tipo de empreendimento que \u00e9 objeto de desejo, principalmente das classes sociais m\u00e9dias e altas, para fins de moradia. Esta situa\u00e7\u00e3o tem como principal justificativa o medo da viol\u00eancia urbana e a busca por prote\u00e7\u00e3o, a qual acredita-se que \u00e9 encontrada no aparato de seguran\u00e7a, que comumente acompanha esta tipologia de empreendimento.<\/p>\n<p><a href=\"http:\/\/www.bibliotecadeseguranca.com.br\/wp-content\/uploads\/2016\/08\/Seg_Condominio_Maria_Burcowski.pdf\" target=\"_blank\"><img loading=\"lazy\" decoding=\"async\" class=\"alignleft wp-image-12143 size-full\" src=\"http:\/\/www.bibliotecadeseguranca.com.br\/fr\/wp-content\/uploads\/2015\/03\/download_fr.gif\" alt=\"T\u00e9l\u00e9charger\" width=\"107\" height=\"25\" \/><\/a><\/p>\n","protected":false},"excerpt":{"rendered":"<p>Maria da Gra\u00e7a Burcowski R\u00e9sum\u00e9: Os condom\u00ednios horizontais fechados t\u00eam se proliferado nos espa\u00e7os das cidades e caracterizam-se como um tipo de empreendimento que \u00e9 objeto de desejo, principalmente das classes sociais m\u00e9dias e altas, para fins de moradia. Esta situa\u00e7\u00e3o tem como principal justificativa o medo da viol\u00eancia urbana e a busca por prote\u00e7\u00e3o, a qual acredita-se que \u00e9 encontrada no aparato de seguran\u00e7a, que comumente acompanha esta tipologia&hellip; <\/p>\n","protected":false},"author":3,"featured_media":13341,"comment_status":"open","ping_status":"closed","sticky":false,"template":"","format":"standard","meta":{"footnotes":""},"categories":[23,6,24,25,112],"tags":[],"class_list":["post-13340","post","type-post","status-publish","format-standard","has-post-thumbnail","hentry","category-gestao-da-seguranca-empresarial","category-livros","category-seguranca-pessoal-e-sequestro","category-seguranca-publica-e-defesa","category-download"],"views":403,"_links":{"self":[{"href":"https:\/\/www.bibliotecadeseguranca.com.br\/fr\/wp-json\/wp\/v2\/posts\/13340","targetHints":{"allow":["GET"]}}],"collection":[{"href":"https:\/\/www.bibliotecadeseguranca.com.br\/fr\/wp-json\/wp\/v2\/posts"}],"about":[{"href":"https:\/\/www.bibliotecadeseguranca.com.br\/fr\/wp-json\/wp\/v2\/types\/post"}],"author":[{"embeddable":true,"href":"https:\/\/www.bibliotecadeseguranca.com.br\/fr\/wp-json\/wp\/v2\/users\/3"}],"replies":[{"embeddable":true,"href":"https:\/\/www.bibliotecadeseguranca.com.br\/fr\/wp-json\/wp\/v2\/comments?post=13340"}],"version-history":[{"count":1,"href":"https:\/\/www.bibliotecadeseguranca.com.br\/fr\/wp-json\/wp\/v2\/posts\/13340\/revisions"}],"predecessor-version":[{"id":13342,"href":"https:\/\/www.bibliotecadeseguranca.com.br\/fr\/wp-json\/wp\/v2\/posts\/13340\/revisions\/13342"}],"wp:featuredmedia":[{"embeddable":true,"href":"https:\/\/www.bibliotecadeseguranca.com.br\/fr\/wp-json\/wp\/v2\/media\/13341"}],"wp:attachment":[{"href":"https:\/\/www.bibliotecadeseguranca.com.br\/fr\/wp-json\/wp\/v2\/media?parent=13340"}],"wp:term":[{"taxonomy":"category","embeddable":true,"href":"https:\/\/www.bibliotecadeseguranca.com.br\/fr\/wp-json\/wp\/v2\/categories?post=13340"},{"taxonomy":"post_tag","embeddable":true,"href":"https:\/\/www.bibliotecadeseguranca.com.br\/fr\/wp-json\/wp\/v2\/tags?post=13340"}],"curies":[{"name":"wp","href":"https:\/\/api.w.org\/{rel}","templated":true}]}}