{"id":13327,"date":"2016-08-12T14:00:02","date_gmt":"2016-08-12T17:00:02","guid":{"rendered":"http:\/\/www.bibliotecadeseguranca.com.br\/fr\/?p=13327"},"modified":"2016-08-12T13:13:57","modified_gmt":"2016-08-12T16:13:57","slug":"vivre-avec-la-menace-terroriste","status":"publish","type":"post","link":"https:\/\/www.bibliotecadeseguranca.com.br\/fr\/livros\/vivre-avec-la-menace-terroriste\/","title":{"rendered":"Vivre avec la Menace Terroriste"},"content":{"rendered":"<p><span style=\"color: #003366;\"><strong><img loading=\"lazy\" decoding=\"async\" class=\"alignleft size-full wp-image-13328\" src=\"http:\/\/www.bibliotecadeseguranca.com.br\/fr\/wp-content\/uploads\/2016\/08\/Vivre-avec-la-Menace-Terroriste.jpg\" alt=\"Vivre avec la Menace Terroriste\" width=\"145\" height=\"217\" srcset=\"https:\/\/www.bibliotecadeseguranca.com.br\/fr\/wp-content\/uploads\/2016\/08\/Vivre-avec-la-Menace-Terroriste.jpg 145w, https:\/\/www.bibliotecadeseguranca.com.br\/fr\/wp-content\/uploads\/2016\/08\/Vivre-avec-la-Menace-Terroriste-100x150.jpg 100w\" sizes=\"auto, (max-width: 145px) 100vw, 145px\" \/>Rapha\u00ebl Saint-Vincent, Olivier Saint-Vincent<\/strong><\/span><\/p>\n<p><span style=\"color: #003366;\"><strong>Maison d&#8217;\u00e9dition\u00a0Eyrolles<\/strong><\/span><\/p>\n<p><span style=\"color: #003366;\"><strong>R\u00e9sum\u00e9:<\/strong><\/span> \u00ab Avec le vendredi 13 novembre 2015, le citoyen a compris que la guerre \u00e9tait ailleurs que sur son \u00e9cran de tablette ou de smartphone, qu&#8217;il lui suffisait d&#8217;ouvrir la fen\u00eatre ou de marcher dans la rue pour se retrouver sur un th\u00e9\u00e2tre d&#8217;op\u00e9rations. Chacun a compris qu&#8217;il \u00e9tait en premi\u00e8re ligne, cette fois-ci et la prochaine. Lui, le civil, pas form\u00e9 et peu inform\u00e9&#8230; \u00bb<\/p>\n<p>Depuis, on nous exhorte \u00e0 la vigilance mais nous souhaitons tous reprendre une vie normale, d\u00e9passer notre angoisse et notre peur \u00e0 l&#8217;id\u00e9e de se retrouver en terrasse ou dans un train bond\u00e9&#8230; Mais comment faire ? Que faire si \u00e7a recommence ?<\/p>\n","protected":false},"excerpt":{"rendered":"<p>Rapha\u00ebl Saint-Vincent, Olivier Saint-Vincent Maison d&#8217;\u00e9dition\u00a0Eyrolles R\u00e9sum\u00e9: \u00ab Avec le vendredi 13 novembre 2015, le citoyen a compris que la guerre \u00e9tait ailleurs que sur son \u00e9cran de tablette ou de smartphone, qu&#8217;il lui suffisait d&#8217;ouvrir la fen\u00eatre ou de marcher dans la rue pour se retrouver sur un th\u00e9\u00e2tre d&#8217;op\u00e9rations. Chacun a compris qu&#8217;il \u00e9tait en premi\u00e8re ligne, cette fois-ci et la prochaine. Lui, le civil, pas form\u00e9 et&hellip; <\/p>\n","protected":false},"author":3,"featured_media":13328,"comment_status":"open","ping_status":"closed","sticky":false,"template":"","format":"standard","meta":{"footnotes":""},"categories":[10,109,6,25],"tags":[],"class_list":["post-13327","post","type-post","status-publish","format-standard","has-post-thumbnail","hentry","category-crime-violencia-e-criminologia","category-francais","category-livros","category-seguranca-publica-e-defesa"],"views":266,"_links":{"self":[{"href":"https:\/\/www.bibliotecadeseguranca.com.br\/fr\/wp-json\/wp\/v2\/posts\/13327","targetHints":{"allow":["GET"]}}],"collection":[{"href":"https:\/\/www.bibliotecadeseguranca.com.br\/fr\/wp-json\/wp\/v2\/posts"}],"about":[{"href":"https:\/\/www.bibliotecadeseguranca.com.br\/fr\/wp-json\/wp\/v2\/types\/post"}],"author":[{"embeddable":true,"href":"https:\/\/www.bibliotecadeseguranca.com.br\/fr\/wp-json\/wp\/v2\/users\/3"}],"replies":[{"embeddable":true,"href":"https:\/\/www.bibliotecadeseguranca.com.br\/fr\/wp-json\/wp\/v2\/comments?post=13327"}],"version-history":[{"count":1,"href":"https:\/\/www.bibliotecadeseguranca.com.br\/fr\/wp-json\/wp\/v2\/posts\/13327\/revisions"}],"predecessor-version":[{"id":13329,"href":"https:\/\/www.bibliotecadeseguranca.com.br\/fr\/wp-json\/wp\/v2\/posts\/13327\/revisions\/13329"}],"wp:featuredmedia":[{"embeddable":true,"href":"https:\/\/www.bibliotecadeseguranca.com.br\/fr\/wp-json\/wp\/v2\/media\/13328"}],"wp:attachment":[{"href":"https:\/\/www.bibliotecadeseguranca.com.br\/fr\/wp-json\/wp\/v2\/media?parent=13327"}],"wp:term":[{"taxonomy":"category","embeddable":true,"href":"https:\/\/www.bibliotecadeseguranca.com.br\/fr\/wp-json\/wp\/v2\/categories?post=13327"},{"taxonomy":"post_tag","embeddable":true,"href":"https:\/\/www.bibliotecadeseguranca.com.br\/fr\/wp-json\/wp\/v2\/tags?post=13327"}],"curies":[{"name":"wp","href":"https:\/\/api.w.org\/{rel}","templated":true}]}}