{"id":13283,"date":"2016-07-25T14:00:22","date_gmt":"2016-07-25T17:00:22","guid":{"rendered":"http:\/\/www.bibliotecadeseguranca.com.br\/fr\/?p=13283"},"modified":"2016-07-25T12:30:11","modified_gmt":"2016-07-25T15:30:11","slug":"prevencao-e-a-arma-do-negocio","status":"publish","type":"post","link":"https:\/\/www.bibliotecadeseguranca.com.br\/fr\/livros\/prevencao-e-a-arma-do-negocio\/","title":{"rendered":"Preven\u00e7\u00e3o \u00e9 a Arma do Neg\u00f3cio"},"content":{"rendered":"<p><span style=\"color: #003366;\"><strong><img loading=\"lazy\" decoding=\"async\" class=\"alignleft size-full wp-image-13284\" src=\"http:\/\/www.bibliotecadeseguranca.com.br\/fr\/wp-content\/uploads\/2016\/07\/Preven\u00e7\u00e3o-\u00e9-a-Arma-do-Neg\u00f3cio.jpg\" alt=\"Preven\u00e7\u00e3o \u00e9 a Arma do Neg\u00f3cio\" width=\"145\" height=\"206\" srcset=\"https:\/\/www.bibliotecadeseguranca.com.br\/fr\/wp-content\/uploads\/2016\/07\/Preven\u00e7\u00e3o-\u00e9-a-Arma-do-Neg\u00f3cio.jpg 145w, https:\/\/www.bibliotecadeseguranca.com.br\/fr\/wp-content\/uploads\/2016\/07\/Preven\u00e7\u00e3o-\u00e9-a-Arma-do-Neg\u00f3cio-106x150.jpg 106w\" sizes=\"auto, (max-width: 145px) 100vw, 145px\" \/>Uzel Man\u00e9lio Duplat Neto<\/strong><\/span><\/p>\n<p><span style=\"color: #003366;\"><strong>R\u00e9sum\u00e9:<\/strong><\/span> Eliminar a viol\u00eancia e os acidentes \u00e9 um sonho inalcan\u00e7\u00e1vel para a humanidade.<br \/>\nOs riscos est\u00e3o em toda a parte. Nas ruas, nos lares, no trabalho, no lazer e at\u00e9 mesmo em um local onde, at\u00e9 a algum tempo, todos se sentiam seguros: os estabelecimentos de ensino.<br \/>\nEscrever ou falar sobre viol\u00eancia urbana em nossa \u00e9poca \u00e9 ser repetitivo, pois os mais experientes policiais e profissionais de seguran\u00e7a assustam-se com o crescimento da criminalidade no mundo e, principalmente, no Brasil.<br \/>\nAs regras b\u00e1sicas de preven\u00e7\u00e3o, nada complicado nem de dif\u00edcil entendimento, por\u00e9m se o nosso leitor passar a aplic\u00e1-las ir\u00e1 observar que os riscos \u00e0 sua integridade f\u00edsica e ao seu patrim\u00f4nio ser\u00e3o bastante reduzidos.,<br \/>\nN\u00e3o tenho a pretens\u00e3o de apresentar uma solu\u00e7\u00e3o definitiva para a falta de seguran\u00e7a nos dias atuais. Acreditamos inclusive que essas informa\u00e7\u00f5es que ser\u00e3o passadas s\u00e3o do conhecimento do leitor, contudo, talvez por serem t\u00e3o \u00f3bvias, s\u00e3o relegadas a segundo plano, deixando de receber a aten\u00e7\u00e3o devida.<br \/>\nE \u00e9 a\u00ed que somos surpreendidos pela maior arma do meliante: O fator surpresa.<\/p>\n","protected":false},"excerpt":{"rendered":"<p>Uzel Man\u00e9lio Duplat Neto R\u00e9sum\u00e9: Eliminar a viol\u00eancia e os acidentes \u00e9 um sonho inalcan\u00e7\u00e1vel para a humanidade. Os riscos est\u00e3o em toda a parte. Nas ruas, nos lares, no trabalho, no lazer e at\u00e9 mesmo em um local onde, at\u00e9 a algum tempo, todos se sentiam seguros: os estabelecimentos de ensino. Escrever ou falar sobre viol\u00eancia urbana em nossa \u00e9poca \u00e9 ser repetitivo, pois os mais experientes policiais e&hellip; <\/p>\n","protected":false},"author":3,"featured_media":13284,"comment_status":"open","ping_status":"closed","sticky":false,"template":"","format":"standard","meta":{"footnotes":""},"categories":[23,6,25],"tags":[],"class_list":["post-13283","post","type-post","status-publish","format-standard","has-post-thumbnail","hentry","category-gestao-da-seguranca-empresarial","category-livros","category-seguranca-publica-e-defesa"],"views":197,"_links":{"self":[{"href":"https:\/\/www.bibliotecadeseguranca.com.br\/fr\/wp-json\/wp\/v2\/posts\/13283","targetHints":{"allow":["GET"]}}],"collection":[{"href":"https:\/\/www.bibliotecadeseguranca.com.br\/fr\/wp-json\/wp\/v2\/posts"}],"about":[{"href":"https:\/\/www.bibliotecadeseguranca.com.br\/fr\/wp-json\/wp\/v2\/types\/post"}],"author":[{"embeddable":true,"href":"https:\/\/www.bibliotecadeseguranca.com.br\/fr\/wp-json\/wp\/v2\/users\/3"}],"replies":[{"embeddable":true,"href":"https:\/\/www.bibliotecadeseguranca.com.br\/fr\/wp-json\/wp\/v2\/comments?post=13283"}],"version-history":[{"count":1,"href":"https:\/\/www.bibliotecadeseguranca.com.br\/fr\/wp-json\/wp\/v2\/posts\/13283\/revisions"}],"predecessor-version":[{"id":13285,"href":"https:\/\/www.bibliotecadeseguranca.com.br\/fr\/wp-json\/wp\/v2\/posts\/13283\/revisions\/13285"}],"wp:featuredmedia":[{"embeddable":true,"href":"https:\/\/www.bibliotecadeseguranca.com.br\/fr\/wp-json\/wp\/v2\/media\/13284"}],"wp:attachment":[{"href":"https:\/\/www.bibliotecadeseguranca.com.br\/fr\/wp-json\/wp\/v2\/media?parent=13283"}],"wp:term":[{"taxonomy":"category","embeddable":true,"href":"https:\/\/www.bibliotecadeseguranca.com.br\/fr\/wp-json\/wp\/v2\/categories?post=13283"},{"taxonomy":"post_tag","embeddable":true,"href":"https:\/\/www.bibliotecadeseguranca.com.br\/fr\/wp-json\/wp\/v2\/tags?post=13283"}],"curies":[{"name":"wp","href":"https:\/\/api.w.org\/{rel}","templated":true}]}}