{"id":13242,"date":"2016-07-08T14:00:13","date_gmt":"2016-07-08T17:00:13","guid":{"rendered":"http:\/\/www.bibliotecadeseguranca.com.br\/fr\/?p=13242"},"modified":"2016-07-08T12:11:45","modified_gmt":"2016-07-08T15:11:45","slug":"guarda-civil-municipal-de-engenheiro-coelho","status":"publish","type":"post","link":"https:\/\/www.bibliotecadeseguranca.com.br\/fr\/livros\/guarda-civil-municipal-de-engenheiro-coelho\/","title":{"rendered":"Guarda Civil Municipal de Engenheiro Coelho"},"content":{"rendered":"<p><span style=\"color: #003366;\"><strong><img loading=\"lazy\" decoding=\"async\" class=\"alignleft size-full wp-image-13243\" src=\"http:\/\/www.bibliotecadeseguranca.com.br\/fr\/wp-content\/uploads\/2016\/07\/Guarda-Civil-Municipal-de-Engenheiro-Coelho.jpg\" alt=\"Guarda Civil Municipal de Engenheiro Coelho\" width=\"145\" height=\"205\" srcset=\"https:\/\/www.bibliotecadeseguranca.com.br\/fr\/wp-content\/uploads\/2016\/07\/Guarda-Civil-Municipal-de-Engenheiro-Coelho.jpg 145w, https:\/\/www.bibliotecadeseguranca.com.br\/fr\/wp-content\/uploads\/2016\/07\/Guarda-Civil-Municipal-de-Engenheiro-Coelho-106x150.jpg 106w\" sizes=\"auto, (max-width: 145px) 100vw, 145px\" \/>Francisca Pinheiro da Silveira Costa<\/strong><\/span><\/p>\n<p><span style=\"color: #003366;\"><strong>R\u00e9sum\u00e9:<\/strong><\/span> A Guarda Civil Municipal de Engenheiro Coelho em processo de capacita\u00e7\u00e3o firmou parceria com o Centro Universit\u00e1rio Adventista de S\u00e3o Paulo (UNASP-EC) para realizar um curso de forma\u00e7\u00e3o, requisitado pela Secretaria Municipal de Seguran\u00e7a, que em car\u00e1ter de Extens\u00e3o, abordou diversos temas e valores sociais, al\u00e9m de habilidades voltadas \u00e0 seguran\u00e7a.<\/p>\n<p>Como um dos crit\u00e9rios para a finaliza\u00e7\u00e3o do curso, o Trabalho de Conclus\u00e3o, levou a produ\u00e7\u00e3o dos seis artigos, que est\u00e3o compondo esse livro, e que certamente, servir\u00e3o como base referencial para futuros trabalhos na \u00e1rea de seguran\u00e7a municipal.<\/p>\n","protected":false},"excerpt":{"rendered":"<p>Francisca Pinheiro da Silveira Costa R\u00e9sum\u00e9: A Guarda Civil Municipal de Engenheiro Coelho em processo de capacita\u00e7\u00e3o firmou parceria com o Centro Universit\u00e1rio Adventista de S\u00e3o Paulo (UNASP-EC) para realizar um curso de forma\u00e7\u00e3o, requisitado pela Secretaria Municipal de Seguran\u00e7a, que em car\u00e1ter de Extens\u00e3o, abordou diversos temas e valores sociais, al\u00e9m de habilidades voltadas \u00e0 seguran\u00e7a. Como um dos crit\u00e9rios para a finaliza\u00e7\u00e3o do curso, o Trabalho de Conclus\u00e3o,&hellip; <\/p>\n","protected":false},"author":3,"featured_media":13243,"comment_status":"open","ping_status":"closed","sticky":false,"template":"","format":"standard","meta":{"footnotes":""},"categories":[6,25],"tags":[],"class_list":["post-13242","post","type-post","status-publish","format-standard","has-post-thumbnail","hentry","category-livros","category-seguranca-publica-e-defesa"],"views":357,"_links":{"self":[{"href":"https:\/\/www.bibliotecadeseguranca.com.br\/fr\/wp-json\/wp\/v2\/posts\/13242","targetHints":{"allow":["GET"]}}],"collection":[{"href":"https:\/\/www.bibliotecadeseguranca.com.br\/fr\/wp-json\/wp\/v2\/posts"}],"about":[{"href":"https:\/\/www.bibliotecadeseguranca.com.br\/fr\/wp-json\/wp\/v2\/types\/post"}],"author":[{"embeddable":true,"href":"https:\/\/www.bibliotecadeseguranca.com.br\/fr\/wp-json\/wp\/v2\/users\/3"}],"replies":[{"embeddable":true,"href":"https:\/\/www.bibliotecadeseguranca.com.br\/fr\/wp-json\/wp\/v2\/comments?post=13242"}],"version-history":[{"count":1,"href":"https:\/\/www.bibliotecadeseguranca.com.br\/fr\/wp-json\/wp\/v2\/posts\/13242\/revisions"}],"predecessor-version":[{"id":13244,"href":"https:\/\/www.bibliotecadeseguranca.com.br\/fr\/wp-json\/wp\/v2\/posts\/13242\/revisions\/13244"}],"wp:featuredmedia":[{"embeddable":true,"href":"https:\/\/www.bibliotecadeseguranca.com.br\/fr\/wp-json\/wp\/v2\/media\/13243"}],"wp:attachment":[{"href":"https:\/\/www.bibliotecadeseguranca.com.br\/fr\/wp-json\/wp\/v2\/media?parent=13242"}],"wp:term":[{"taxonomy":"category","embeddable":true,"href":"https:\/\/www.bibliotecadeseguranca.com.br\/fr\/wp-json\/wp\/v2\/categories?post=13242"},{"taxonomy":"post_tag","embeddable":true,"href":"https:\/\/www.bibliotecadeseguranca.com.br\/fr\/wp-json\/wp\/v2\/tags?post=13242"}],"curies":[{"name":"wp","href":"https:\/\/api.w.org\/{rel}","templated":true}]}}