{"id":13183,"date":"2016-06-13T14:00:36","date_gmt":"2016-06-13T17:00:36","guid":{"rendered":"http:\/\/www.bibliotecadeseguranca.com.br\/fr\/?p=13183"},"modified":"2016-06-13T12:43:08","modified_gmt":"2016-06-13T15:43:08","slug":"caminho-das-pedras","status":"publish","type":"post","link":"https:\/\/www.bibliotecadeseguranca.com.br\/fr\/livros\/caminho-das-pedras\/","title":{"rendered":"Caminho das Pedras"},"content":{"rendered":"<p><span style=\"color: #003366;\"><strong><img loading=\"lazy\" decoding=\"async\" class=\"alignleft size-full wp-image-13184\" src=\"http:\/\/www.bibliotecadeseguranca.com.br\/fr\/wp-content\/uploads\/2016\/06\/Caminho-das-Pedras.jpg\" alt=\"Caminho das Pedras\" width=\"145\" height=\"227\" srcset=\"https:\/\/www.bibliotecadeseguranca.com.br\/fr\/wp-content\/uploads\/2016\/06\/Caminho-das-Pedras.jpg 145w, https:\/\/www.bibliotecadeseguranca.com.br\/fr\/wp-content\/uploads\/2016\/06\/Caminho-das-Pedras-96x150.jpg 96w\" sizes=\"auto, (max-width: 145px) 100vw, 145px\" \/>Jo\u00e3o Santos<\/strong><\/span><\/p>\n<p><span style=\"color: #003366;\"><strong>Maison d&#8217;\u00e9dition AllPrint<\/strong><\/span><\/p>\n<p><span style=\"color: #003366;\"><strong>R\u00e9sum\u00e9:<\/strong><\/span> A obra proporciona ao leitor uma viagem pela trajet\u00f3ria profissional do autor, que se tornou reconhecido no mercado de trabalho pela metodologia aplicada e o sucesso atingido em suas opera\u00e7\u00f5es e projetos executados. Ela \u00e9 apresentada em tr\u00eas cap\u00edtulos: Gest\u00e3o Operacional; Gest\u00e3o Administrativa e Gest\u00e3o da Intelig\u00eancia. Por meio de uma linguagem simples e did\u00e1tica, o autor navega por essas \u00e1reas mostrando as melhores pr\u00e1ticas para se obter sucesso em uma Gest\u00e3o de Seguran\u00e7a. Cada m\u00f3dulo \u00e9 ilustrado com cases reais, o que facilita a aprendizagem e torna a leitura instigante.<\/p>\n","protected":false},"excerpt":{"rendered":"<p>Jo\u00e3o Santos Maison d&#8217;\u00e9dition AllPrint R\u00e9sum\u00e9: A obra proporciona ao leitor uma viagem pela trajet\u00f3ria profissional do autor, que se tornou reconhecido no mercado de trabalho pela metodologia aplicada e o sucesso atingido em suas opera\u00e7\u00f5es e projetos executados. Ela \u00e9 apresentada em tr\u00eas cap\u00edtulos: Gest\u00e3o Operacional; Gest\u00e3o Administrativa e Gest\u00e3o da Intelig\u00eancia. Por meio de uma linguagem simples e did\u00e1tica, o autor navega por essas \u00e1reas mostrando as melhores&hellip; <\/p>\n","protected":false},"author":3,"featured_media":13184,"comment_status":"open","ping_status":"closed","sticky":false,"template":"","format":"standard","meta":{"footnotes":""},"categories":[14,117,6],"tags":[],"class_list":["post-13183","post","type-post","status-publish","format-standard","has-post-thumbnail","hentry","category-administracao-e-estrategia-empresarial","category-conseils-et-verification","category-livros"],"views":298,"_links":{"self":[{"href":"https:\/\/www.bibliotecadeseguranca.com.br\/fr\/wp-json\/wp\/v2\/posts\/13183","targetHints":{"allow":["GET"]}}],"collection":[{"href":"https:\/\/www.bibliotecadeseguranca.com.br\/fr\/wp-json\/wp\/v2\/posts"}],"about":[{"href":"https:\/\/www.bibliotecadeseguranca.com.br\/fr\/wp-json\/wp\/v2\/types\/post"}],"author":[{"embeddable":true,"href":"https:\/\/www.bibliotecadeseguranca.com.br\/fr\/wp-json\/wp\/v2\/users\/3"}],"replies":[{"embeddable":true,"href":"https:\/\/www.bibliotecadeseguranca.com.br\/fr\/wp-json\/wp\/v2\/comments?post=13183"}],"version-history":[{"count":1,"href":"https:\/\/www.bibliotecadeseguranca.com.br\/fr\/wp-json\/wp\/v2\/posts\/13183\/revisions"}],"predecessor-version":[{"id":13185,"href":"https:\/\/www.bibliotecadeseguranca.com.br\/fr\/wp-json\/wp\/v2\/posts\/13183\/revisions\/13185"}],"wp:featuredmedia":[{"embeddable":true,"href":"https:\/\/www.bibliotecadeseguranca.com.br\/fr\/wp-json\/wp\/v2\/media\/13184"}],"wp:attachment":[{"href":"https:\/\/www.bibliotecadeseguranca.com.br\/fr\/wp-json\/wp\/v2\/media?parent=13183"}],"wp:term":[{"taxonomy":"category","embeddable":true,"href":"https:\/\/www.bibliotecadeseguranca.com.br\/fr\/wp-json\/wp\/v2\/categories?post=13183"},{"taxonomy":"post_tag","embeddable":true,"href":"https:\/\/www.bibliotecadeseguranca.com.br\/fr\/wp-json\/wp\/v2\/tags?post=13183"}],"curies":[{"name":"wp","href":"https:\/\/api.w.org\/{rel}","templated":true}]}}