{"id":13174,"date":"2016-06-09T14:00:41","date_gmt":"2016-06-09T17:00:41","guid":{"rendered":"http:\/\/www.bibliotecadeseguranca.com.br\/fr\/?p=13174"},"modified":"2016-06-09T13:07:11","modified_gmt":"2016-06-09T16:07:11","slug":"introducao-ao-direito-penal-criminologia-principios-e-cidadania","status":"publish","type":"post","link":"https:\/\/www.bibliotecadeseguranca.com.br\/fr\/livros\/introducao-ao-direito-penal-criminologia-principios-e-cidadania\/","title":{"rendered":"Introdu\u00e7\u00e3o ao Direito Penal &#8211; Criminologia, Princ\u00edpios e Cidadania"},"content":{"rendered":"<p><span style=\"color: #003366;\"><strong><img loading=\"lazy\" decoding=\"async\" class=\"alignleft size-full wp-image-13175\" src=\"http:\/\/www.bibliotecadeseguranca.com.br\/fr\/wp-content\/uploads\/2016\/06\/Introdu\u00e7\u00e3o-ao-Direito-Penal-Criminologia-Princ\u00edpios-e-Cidadania.jpg\" alt=\"Introdu\u00e7\u00e3o ao Direito Penal - Criminologia, Princ\u00edpios e Cidadania\" width=\"145\" height=\"205\" srcset=\"https:\/\/www.bibliotecadeseguranca.com.br\/fr\/wp-content\/uploads\/2016\/06\/Introdu\u00e7\u00e3o-ao-Direito-Penal-Criminologia-Princ\u00edpios-e-Cidadania.jpg 145w, https:\/\/www.bibliotecadeseguranca.com.br\/fr\/wp-content\/uploads\/2016\/06\/Introdu\u00e7\u00e3o-ao-Direito-Penal-Criminologia-Princ\u00edpios-e-Cidadania-106x150.jpg 106w\" sizes=\"auto, (max-width: 145px) 100vw, 145px\" \/>Gianpaolo Poggio Smanio, Humberto Barrionuevo Fabretti<\/strong><\/span><\/p>\n<p><span style=\"color: #003366;\"><strong>Maison d&#8217;\u00e9dition Atlas<\/strong><\/span><\/p>\n<p><span style=\"color: #003366;\"><strong>R\u00e9sum\u00e9:<\/strong><\/span> O presente livro surgiu da percep\u00e7\u00e3o dos autores de que havia a necessidade de enfatizar no estudo do Direito Penal as quest\u00f5es voltadas para a sua hist\u00f3ria, para seus conceitos fundamentais, princ\u00edpios e valores que norteiam a aplica\u00e7\u00e3o da lei penal. Tanto a experi\u00eancia acad\u00eamica dos autores, professores universit\u00e1rios de gradua\u00e7\u00e3o e p\u00f3s-gradua\u00e7\u00e3o, quanto a experi\u00eancia profissional que possuem nas lides penais em ju\u00edzo, um deles advogado militante e outro Procurador de Justi\u00e7a, mostraram a import\u00e2ncia do conhecimento hist\u00f3rico dos institutos penais, do aprendizado criminol\u00f3gico sobre o fato criminoso, do estudo dos princ\u00edpios penais constitucionais e dos temas referentes \u00e0 aplica\u00e7\u00e3o da lei penal no tempo e no espa\u00e7o. Desse modo, o livro divide-se em quatro vertentes principais: primeiramente, o estudo da hist\u00f3ria do Direito Penal, voltado para a concretiza\u00e7\u00e3o de seus institutos e para a percep\u00e7\u00e3o da import\u00e2ncia de sua estrutura\u00e7\u00e3o destinada \u00e0 prote\u00e7\u00e3o da cidadania no Estado Democr\u00e1tico de Direito; depois, o estudo da criminologia, do crime, dos agentes criminosos e das v\u00edtimas, al\u00e9m dos bens jur\u00eddico-penais; logo ap\u00f3s, o estudo dos princ\u00edpios do Direito Penal, de seus valores, que devem nortear a sua aplica\u00e7\u00e3o pr\u00e1tica; e, por fim, o estudo das regras do C\u00f3digo Penal, que disciplinam a aplica\u00e7\u00e3o da lei penal no tempo e no espa\u00e7o, inclusive o concurso aparente de normas. Durante sua elabora\u00e7\u00e3o, os autores n\u00e3o fugiram ao trabalho de enfrentar com profundidade as diversas quest\u00f5es controvertidas sobre o tema, analisando os institutos sempre sob o prisma do Estado Democr\u00e1tico de Direito e da Cidadania, sendo que, para tanto, resgataram obras de autores cl\u00e1ssicos.<\/p>\n","protected":false},"excerpt":{"rendered":"<p>Gianpaolo Poggio Smanio, Humberto Barrionuevo Fabretti Maison d&#8217;\u00e9dition Atlas R\u00e9sum\u00e9: O presente livro surgiu da percep\u00e7\u00e3o dos autores de que havia a necessidade de enfatizar no estudo do Direito Penal as quest\u00f5es voltadas para a sua hist\u00f3ria, para seus conceitos fundamentais, princ\u00edpios e valores que norteiam a aplica\u00e7\u00e3o da lei penal. Tanto a experi\u00eancia acad\u00eamica dos autores, professores universit\u00e1rios de gradua\u00e7\u00e3o e p\u00f3s-gradua\u00e7\u00e3o, quanto a experi\u00eancia profissional que possuem nas&hellip; <\/p>\n","protected":false},"author":3,"featured_media":13175,"comment_status":"open","ping_status":"closed","sticky":false,"template":"","format":"standard","meta":{"footnotes":""},"categories":[10,15,6],"tags":[],"class_list":["post-13174","post","type-post","status-publish","format-standard","has-post-thumbnail","hentry","category-crime-violencia-e-criminologia","category-fraude-e-investigacao","category-livros"],"views":354,"_links":{"self":[{"href":"https:\/\/www.bibliotecadeseguranca.com.br\/fr\/wp-json\/wp\/v2\/posts\/13174","targetHints":{"allow":["GET"]}}],"collection":[{"href":"https:\/\/www.bibliotecadeseguranca.com.br\/fr\/wp-json\/wp\/v2\/posts"}],"about":[{"href":"https:\/\/www.bibliotecadeseguranca.com.br\/fr\/wp-json\/wp\/v2\/types\/post"}],"author":[{"embeddable":true,"href":"https:\/\/www.bibliotecadeseguranca.com.br\/fr\/wp-json\/wp\/v2\/users\/3"}],"replies":[{"embeddable":true,"href":"https:\/\/www.bibliotecadeseguranca.com.br\/fr\/wp-json\/wp\/v2\/comments?post=13174"}],"version-history":[{"count":1,"href":"https:\/\/www.bibliotecadeseguranca.com.br\/fr\/wp-json\/wp\/v2\/posts\/13174\/revisions"}],"predecessor-version":[{"id":13176,"href":"https:\/\/www.bibliotecadeseguranca.com.br\/fr\/wp-json\/wp\/v2\/posts\/13174\/revisions\/13176"}],"wp:featuredmedia":[{"embeddable":true,"href":"https:\/\/www.bibliotecadeseguranca.com.br\/fr\/wp-json\/wp\/v2\/media\/13175"}],"wp:attachment":[{"href":"https:\/\/www.bibliotecadeseguranca.com.br\/fr\/wp-json\/wp\/v2\/media?parent=13174"}],"wp:term":[{"taxonomy":"category","embeddable":true,"href":"https:\/\/www.bibliotecadeseguranca.com.br\/fr\/wp-json\/wp\/v2\/categories?post=13174"},{"taxonomy":"post_tag","embeddable":true,"href":"https:\/\/www.bibliotecadeseguranca.com.br\/fr\/wp-json\/wp\/v2\/tags?post=13174"}],"curies":[{"name":"wp","href":"https:\/\/api.w.org\/{rel}","templated":true}]}}