{"id":13167,"date":"2016-06-06T14:00:31","date_gmt":"2016-06-06T17:00:31","guid":{"rendered":"http:\/\/www.bibliotecadeseguranca.com.br\/fr\/?p=13167"},"modified":"2016-06-05T14:22:55","modified_gmt":"2016-06-05T17:22:55","slug":"o-cotidiano-dos-vigilantes-trabalho-saude-e-adoecimento","status":"publish","type":"post","link":"https:\/\/www.bibliotecadeseguranca.com.br\/fr\/livros\/o-cotidiano-dos-vigilantes-trabalho-saude-e-adoecimento\/","title":{"rendered":"O Cotidiano dos Vigilantes: Trabalho, Sa\u00fade e Adoecimento"},"content":{"rendered":"<p><span style=\"color: #003366;\"><strong><img loading=\"lazy\" decoding=\"async\" class=\"alignleft size-full wp-image-13168\" src=\"http:\/\/www.bibliotecadeseguranca.com.br\/fr\/wp-content\/uploads\/2016\/06\/O-Cotidiano-dos-Vigilantes-Trabalho-Sa\u00fade-e-Adoecimento.jpg\" alt=\"O Cotidiano dos Vigilantes: Trabalho, Sa\u00fade e Adoecimento\" width=\"145\" height=\"205\" srcset=\"https:\/\/www.bibliotecadeseguranca.com.br\/fr\/wp-content\/uploads\/2016\/06\/O-Cotidiano-dos-Vigilantes-Trabalho-Sa\u00fade-e-Adoecimento.jpg 145w, https:\/\/www.bibliotecadeseguranca.com.br\/fr\/wp-content\/uploads\/2016\/06\/O-Cotidiano-dos-Vigilantes-Trabalho-Sa\u00fade-e-Adoecimento-106x150.jpg 106w\" sizes=\"auto, (max-width: 145px) 100vw, 145px\" \/>Carlos Eduardo Carrusca Vieira, Francisco de Paula Antunes Lima, Maria Elizabeth Antunes Lima<\/strong><\/span><\/p>\n<p><span style=\"color: #003366;\"><strong>Maison d&#8217;\u00e9dition\u00a0FUMARC<\/strong><\/span><\/p>\n<p><span style=\"color: #003366;\"><strong>R\u00e9sum\u00e9:<\/strong><\/span> Esta publica\u00e7\u00e3o apresenta os resultados da pesquisa intitulada An\u00e1lise Ergon\u00f4mica e Psicossocial das Condi\u00e7\u00f5es de Sa\u00fade e Trabalho dos Vigilantes Patrimoniais e do Transporte de Valores, realizada a partir da abordagem de profissionais dessa categoria, atuantes na Regi\u00e3o Metropolitana de Belo Horizonte. Trata-se de um estudo in\u00e9dito na \u00e1rea da vigil\u00e2ncia, o primeiro realizado no Brasil, mediante a conjuga\u00e7\u00e3o de investiga\u00e7\u00f5es qualitativas e quantitativas das condi\u00e7\u00f5es de trabalho e sa\u00fade dos seus trabalhadores. Categoria comumente invis\u00edvel que ganha notoriedade, de tempos em tempos, ao ocupar as p\u00e1ginas dos jornais em decorr\u00eancia dos atos de viol\u00eancia sofridos por seus profissionais em assaltos e, sobretudo, quando estes agridem algum usu\u00e1rio nos locais onde trabalham. Como teremos ocasi\u00e3o de retomar em v\u00e1rios momentos, os resultados obtidos neste estudo permitem compreender a causa dessa viol\u00eancia por parte dos vigilantes e, tamb\u00e9m, os desdobramentos da viol\u00eancia que eles enfrentam no dia a dia do trabalho.<\/p>\n<p><a href=\"http:\/\/www.bibliotecadeseguranca.com.br\/wp-content\/uploads\/2016\/06\/O-Cotidiano-dos-Vigilantes-trabalho-saude-e-adoecimento.pdf\" target=\"_blank\"><img loading=\"lazy\" decoding=\"async\" class=\"alignleft wp-image-12143 size-full\" src=\"http:\/\/www.bibliotecadeseguranca.com.br\/fr\/wp-content\/uploads\/2015\/03\/download_fr.gif\" alt=\"T\u00e9l\u00e9charger\" width=\"107\" height=\"25\" \/><\/a><\/p>\n","protected":false},"excerpt":{"rendered":"<p>Carlos Eduardo Carrusca Vieira, Francisco de Paula Antunes Lima, Maria Elizabeth Antunes Lima Maison d&#8217;\u00e9dition\u00a0FUMARC R\u00e9sum\u00e9: Esta publica\u00e7\u00e3o apresenta os resultados da pesquisa intitulada An\u00e1lise Ergon\u00f4mica e Psicossocial das Condi\u00e7\u00f5es de Sa\u00fade e Trabalho dos Vigilantes Patrimoniais e do Transporte de Valores, realizada a partir da abordagem de profissionais dessa categoria, atuantes na Regi\u00e3o Metropolitana de Belo Horizonte. Trata-se de um estudo in\u00e9dito na \u00e1rea da vigil\u00e2ncia, o primeiro realizado&hellip; <\/p>\n","protected":false},"author":3,"featured_media":13168,"comment_status":"open","ping_status":"closed","sticky":false,"template":"","format":"standard","meta":{"footnotes":""},"categories":[23,6,112],"tags":[],"class_list":["post-13167","post","type-post","status-publish","format-standard","has-post-thumbnail","hentry","category-gestao-da-seguranca-empresarial","category-livros","category-download"],"views":373,"_links":{"self":[{"href":"https:\/\/www.bibliotecadeseguranca.com.br\/fr\/wp-json\/wp\/v2\/posts\/13167","targetHints":{"allow":["GET"]}}],"collection":[{"href":"https:\/\/www.bibliotecadeseguranca.com.br\/fr\/wp-json\/wp\/v2\/posts"}],"about":[{"href":"https:\/\/www.bibliotecadeseguranca.com.br\/fr\/wp-json\/wp\/v2\/types\/post"}],"author":[{"embeddable":true,"href":"https:\/\/www.bibliotecadeseguranca.com.br\/fr\/wp-json\/wp\/v2\/users\/3"}],"replies":[{"embeddable":true,"href":"https:\/\/www.bibliotecadeseguranca.com.br\/fr\/wp-json\/wp\/v2\/comments?post=13167"}],"version-history":[{"count":1,"href":"https:\/\/www.bibliotecadeseguranca.com.br\/fr\/wp-json\/wp\/v2\/posts\/13167\/revisions"}],"predecessor-version":[{"id":13169,"href":"https:\/\/www.bibliotecadeseguranca.com.br\/fr\/wp-json\/wp\/v2\/posts\/13167\/revisions\/13169"}],"wp:featuredmedia":[{"embeddable":true,"href":"https:\/\/www.bibliotecadeseguranca.com.br\/fr\/wp-json\/wp\/v2\/media\/13168"}],"wp:attachment":[{"href":"https:\/\/www.bibliotecadeseguranca.com.br\/fr\/wp-json\/wp\/v2\/media?parent=13167"}],"wp:term":[{"taxonomy":"category","embeddable":true,"href":"https:\/\/www.bibliotecadeseguranca.com.br\/fr\/wp-json\/wp\/v2\/categories?post=13167"},{"taxonomy":"post_tag","embeddable":true,"href":"https:\/\/www.bibliotecadeseguranca.com.br\/fr\/wp-json\/wp\/v2\/tags?post=13167"}],"curies":[{"name":"wp","href":"https:\/\/api.w.org\/{rel}","templated":true}]}}