{"id":13149,"date":"2016-05-30T14:00:00","date_gmt":"2016-05-30T17:00:00","guid":{"rendered":"http:\/\/www.bibliotecadeseguranca.com.br\/fr\/?p=13149"},"modified":"2016-05-30T11:51:03","modified_gmt":"2016-05-30T14:51:03","slug":"seguranca-publica-como-projeto-socioeducacional","status":"publish","type":"post","link":"https:\/\/www.bibliotecadeseguranca.com.br\/fr\/livros\/seguranca-publica-como-projeto-socioeducacional\/","title":{"rendered":"Seguran\u00e7a P\u00fablica como Projeto Socioeducacional"},"content":{"rendered":"<p><span style=\"color: #003366;\"><strong><img loading=\"lazy\" decoding=\"async\" class=\"alignleft size-full wp-image-13150\" src=\"http:\/\/www.bibliotecadeseguranca.com.br\/fr\/wp-content\/uploads\/2016\/05\/Seguran\u00e7a-P\u00fablica-como-Projeto-Socioeducacional.jpg\" alt=\"Seguran\u00e7a P\u00fablica como Projeto Socioeducacional\" width=\"145\" height=\"219\" srcset=\"https:\/\/www.bibliotecadeseguranca.com.br\/fr\/wp-content\/uploads\/2016\/05\/Seguran\u00e7a-P\u00fablica-como-Projeto-Socioeducacional.jpg 145w, https:\/\/www.bibliotecadeseguranca.com.br\/fr\/wp-content\/uploads\/2016\/05\/Seguran\u00e7a-P\u00fablica-como-Projeto-Socioeducacional-99x150.jpg 99w\" sizes=\"auto, (max-width: 145px) 100vw, 145px\" \/>Os\u00e9ias Francisco da Silva, J. Burato<\/strong><\/span><\/p>\n<p><span style=\"color: #003366;\"><strong>Maison d&#8217;\u00e9dition\u00a0Scortecci<\/strong><\/span><\/p>\n<p><span style=\"color: #003366;\"><strong>R\u00e9sum\u00e9:<\/strong><\/span> A seguran\u00e7a p\u00fablica tem sido uma constante fonte de preocupa\u00e7\u00e3o e reclama\u00e7\u00e3o por parte da sociedade. A aus\u00eancia do governo do Estado, que, efetivamente, \u00e9 o principal respons\u00e1vel pelo problema, tem levado a popula\u00e7\u00e3o a cobrar das guardas civis um papel de pol\u00edcia repressiva, o que n\u00e3o cabe a estas institui\u00e7\u00f5es. Diante disso, as prefeituras em geral, e de S\u00e3o Bernardo do Campo, em particular, t\u00eam sido demandadas pela popula\u00e7\u00e3o na busca de uma solu\u00e7\u00e3o para a grave situa\u00e7\u00e3o da viol\u00eancia e criminalidade. E nesta obra, com clareza e objetividade, Os\u00e9ias Francisco da Silva e J. Burato fazem um hist\u00f3rico da viol\u00eancia e da criminalidade na forma\u00e7\u00e3o de n\u00f3s brasileiros e nos levam a uma reflex\u00e3o sobre um novo paradigma para a seguran\u00e7a p\u00fablica no qual as guardas municipais exer\u00e7am na plenitude a sua voca\u00e7\u00e3o de uma pol\u00edcia preventiva, cidad\u00e3 e parceira da sociedade.<\/p>\n","protected":false},"excerpt":{"rendered":"<p>Os\u00e9ias Francisco da Silva, J. Burato Maison d&#8217;\u00e9dition\u00a0Scortecci R\u00e9sum\u00e9: A seguran\u00e7a p\u00fablica tem sido uma constante fonte de preocupa\u00e7\u00e3o e reclama\u00e7\u00e3o por parte da sociedade. A aus\u00eancia do governo do Estado, que, efetivamente, \u00e9 o principal respons\u00e1vel pelo problema, tem levado a popula\u00e7\u00e3o a cobrar das guardas civis um papel de pol\u00edcia repressiva, o que n\u00e3o cabe a estas institui\u00e7\u00f5es. Diante disso, as prefeituras em geral, e de S\u00e3o Bernardo&hellip; <\/p>\n","protected":false},"author":3,"featured_media":13150,"comment_status":"open","ping_status":"closed","sticky":false,"template":"","format":"standard","meta":{"footnotes":""},"categories":[6,25],"tags":[],"class_list":["post-13149","post","type-post","status-publish","format-standard","has-post-thumbnail","hentry","category-livros","category-seguranca-publica-e-defesa"],"views":196,"_links":{"self":[{"href":"https:\/\/www.bibliotecadeseguranca.com.br\/fr\/wp-json\/wp\/v2\/posts\/13149","targetHints":{"allow":["GET"]}}],"collection":[{"href":"https:\/\/www.bibliotecadeseguranca.com.br\/fr\/wp-json\/wp\/v2\/posts"}],"about":[{"href":"https:\/\/www.bibliotecadeseguranca.com.br\/fr\/wp-json\/wp\/v2\/types\/post"}],"author":[{"embeddable":true,"href":"https:\/\/www.bibliotecadeseguranca.com.br\/fr\/wp-json\/wp\/v2\/users\/3"}],"replies":[{"embeddable":true,"href":"https:\/\/www.bibliotecadeseguranca.com.br\/fr\/wp-json\/wp\/v2\/comments?post=13149"}],"version-history":[{"count":1,"href":"https:\/\/www.bibliotecadeseguranca.com.br\/fr\/wp-json\/wp\/v2\/posts\/13149\/revisions"}],"predecessor-version":[{"id":13151,"href":"https:\/\/www.bibliotecadeseguranca.com.br\/fr\/wp-json\/wp\/v2\/posts\/13149\/revisions\/13151"}],"wp:featuredmedia":[{"embeddable":true,"href":"https:\/\/www.bibliotecadeseguranca.com.br\/fr\/wp-json\/wp\/v2\/media\/13150"}],"wp:attachment":[{"href":"https:\/\/www.bibliotecadeseguranca.com.br\/fr\/wp-json\/wp\/v2\/media?parent=13149"}],"wp:term":[{"taxonomy":"category","embeddable":true,"href":"https:\/\/www.bibliotecadeseguranca.com.br\/fr\/wp-json\/wp\/v2\/categories?post=13149"},{"taxonomy":"post_tag","embeddable":true,"href":"https:\/\/www.bibliotecadeseguranca.com.br\/fr\/wp-json\/wp\/v2\/tags?post=13149"}],"curies":[{"name":"wp","href":"https:\/\/api.w.org\/{rel}","templated":true}]}}