{"id":13133,"date":"2016-05-23T14:00:30","date_gmt":"2016-05-23T17:00:30","guid":{"rendered":"http:\/\/www.bibliotecadeseguranca.com.br\/fr\/?p=13133"},"modified":"2016-05-23T10:32:45","modified_gmt":"2016-05-23T13:32:45","slug":"unidades-de-policia-pacificadora-debates-e-reflexoes","status":"publish","type":"post","link":"https:\/\/www.bibliotecadeseguranca.com.br\/fr\/livros\/unidades-de-policia-pacificadora-debates-e-reflexoes\/","title":{"rendered":"Unidades de Pol\u00edcia Pacificadora: Debates e Reflex\u00f5es"},"content":{"rendered":"<p><span style=\"color: #003366;\"><strong><img loading=\"lazy\" decoding=\"async\" class=\"alignleft size-full wp-image-13134\" src=\"http:\/\/www.bibliotecadeseguranca.com.br\/fr\/wp-content\/uploads\/2016\/05\/Unidades-de-pol\u00edcia-pacificadora-debates-e-reflex\u00f5es.jpg\" alt=\"Unidades de Pol\u00edcia Pacificadora: Debates e Reflex\u00f5es\" width=\"145\" height=\"205\" srcset=\"https:\/\/www.bibliotecadeseguranca.com.br\/fr\/wp-content\/uploads\/2016\/05\/Unidades-de-pol\u00edcia-pacificadora-debates-e-reflex\u00f5es.jpg 145w, https:\/\/www.bibliotecadeseguranca.com.br\/fr\/wp-content\/uploads\/2016\/05\/Unidades-de-pol\u00edcia-pacificadora-debates-e-reflex\u00f5es-106x150.jpg 106w\" sizes=\"auto, (max-width: 145px) 100vw, 145px\" \/>Andr\u00e9 Rodrigues, Ra\u00edza Siqueira, Mauricio Lissovsky<\/strong><\/span><\/p>\n<p><span style=\"color: #003366;\"><strong>R\u00e9sum\u00e9:<\/strong><\/span> Desde o ano de 2010, quando foi selecionado no edital Prioridade Rio, lan\u00e7ado pela Faperj, para a realiza\u00e7\u00e3o de uma pesquisa sobre as Unidades de Pol\u00edcia Pacificadora, o Iser abriu diversas frentes de investiga\u00e7\u00e3o, reflex\u00e3o e debate sobre essa experi\u00eancia de policiamento. As UPPs ganharam proje\u00e7\u00e3o no campo da seguran\u00e7a p\u00fablica, n\u00e3o s\u00f3 no Rio de Janeiro, mas em n\u00edvel nacional e internacional. Acreditamos que o policiamento praticado por essas unidades produz alguns importantes redirecionamentos no cen\u00e1rio da seguran\u00e7a p\u00fablica do Rio de Janeiro, marcado por profundas contradi\u00e7\u00f5es e assistem\u00e1ticos avan\u00e7os nas \u00faltimas d\u00e9cadas. Cada movimento no campo da seguran\u00e7a p\u00fablica, pela relev\u00e2ncia e expectativa que suscita, deve ser analisado com aten\u00e7\u00e3o e debatido exaustivamente pelos atores e pelo conjunto da sociedade.<\/p>\n<p>Foi em vista dessas quest\u00f5es que pensamos na organiza\u00e7\u00e3o do presente n\u00famero de Comunica\u00e7\u00f5es do Iser. Nossa proposta, mais do apresentar conclus\u00f5es ou recomenda\u00e7\u00f5es sobre as UPPs, pretende instigar a discuss\u00e3o qualificada e inovadora em torno de um processo ainda em curso. O leitor encontrar\u00e1 nas p\u00e1ginas que seguem um conjunto de textos mais heterog\u00eaneo que uma colet\u00e2nea de artigos, pois, al\u00e9m destes, o volume inclui entrevistas com gestores da UPP e da UPP Social e etnografias breves. Acreditamos que tal variedade reflete melhor\u00a0 a din\u00e2mica do objeto e das interlocu\u00e7\u00f5es da pesquisa ao longo do seus desenvolvimento.<\/p>\n<p><a href=\"http:\/\/www.bibliotecadeseguranca.com.br\/wp-content\/uploads\/2016\/05\/Unidades-de-Policia-Pacificadora-Debates-e-Reflexoes.pdf\" target=\"_blank\"><img loading=\"lazy\" decoding=\"async\" class=\"alignleft wp-image-12143 size-full\" src=\"http:\/\/www.bibliotecadeseguranca.com.br\/fr\/wp-content\/uploads\/2015\/03\/download_fr.gif\" alt=\"T\u00e9l\u00e9charger\" width=\"107\" height=\"25\" \/><\/a><\/p>\n","protected":false},"excerpt":{"rendered":"<p>Andr\u00e9 Rodrigues, Ra\u00edza Siqueira, Mauricio Lissovsky R\u00e9sum\u00e9: Desde o ano de 2010, quando foi selecionado no edital Prioridade Rio, lan\u00e7ado pela Faperj, para a realiza\u00e7\u00e3o de uma pesquisa sobre as Unidades de Pol\u00edcia Pacificadora, o Iser abriu diversas frentes de investiga\u00e7\u00e3o, reflex\u00e3o e debate sobre essa experi\u00eancia de policiamento. As UPPs ganharam proje\u00e7\u00e3o no campo da seguran\u00e7a p\u00fablica, n\u00e3o s\u00f3 no Rio de Janeiro, mas em n\u00edvel nacional e internacional.&hellip; <\/p>\n","protected":false},"author":3,"featured_media":13134,"comment_status":"open","ping_status":"closed","sticky":false,"template":"","format":"standard","meta":{"footnotes":""},"categories":[6,25,112],"tags":[],"class_list":["post-13133","post","type-post","status-publish","format-standard","has-post-thumbnail","hentry","category-livros","category-seguranca-publica-e-defesa","category-download"],"views":306,"_links":{"self":[{"href":"https:\/\/www.bibliotecadeseguranca.com.br\/fr\/wp-json\/wp\/v2\/posts\/13133","targetHints":{"allow":["GET"]}}],"collection":[{"href":"https:\/\/www.bibliotecadeseguranca.com.br\/fr\/wp-json\/wp\/v2\/posts"}],"about":[{"href":"https:\/\/www.bibliotecadeseguranca.com.br\/fr\/wp-json\/wp\/v2\/types\/post"}],"author":[{"embeddable":true,"href":"https:\/\/www.bibliotecadeseguranca.com.br\/fr\/wp-json\/wp\/v2\/users\/3"}],"replies":[{"embeddable":true,"href":"https:\/\/www.bibliotecadeseguranca.com.br\/fr\/wp-json\/wp\/v2\/comments?post=13133"}],"version-history":[{"count":2,"href":"https:\/\/www.bibliotecadeseguranca.com.br\/fr\/wp-json\/wp\/v2\/posts\/13133\/revisions"}],"predecessor-version":[{"id":13136,"href":"https:\/\/www.bibliotecadeseguranca.com.br\/fr\/wp-json\/wp\/v2\/posts\/13133\/revisions\/13136"}],"wp:featuredmedia":[{"embeddable":true,"href":"https:\/\/www.bibliotecadeseguranca.com.br\/fr\/wp-json\/wp\/v2\/media\/13134"}],"wp:attachment":[{"href":"https:\/\/www.bibliotecadeseguranca.com.br\/fr\/wp-json\/wp\/v2\/media?parent=13133"}],"wp:term":[{"taxonomy":"category","embeddable":true,"href":"https:\/\/www.bibliotecadeseguranca.com.br\/fr\/wp-json\/wp\/v2\/categories?post=13133"},{"taxonomy":"post_tag","embeddable":true,"href":"https:\/\/www.bibliotecadeseguranca.com.br\/fr\/wp-json\/wp\/v2\/tags?post=13133"}],"curies":[{"name":"wp","href":"https:\/\/api.w.org\/{rel}","templated":true}]}}