{"id":13126,"date":"2016-05-20T14:00:03","date_gmt":"2016-05-20T17:00:03","guid":{"rendered":"http:\/\/www.bibliotecadeseguranca.com.br\/fr\/?p=13126"},"modified":"2016-05-20T13:43:46","modified_gmt":"2016-05-20T16:43:46","slug":"estrategia-da-informacao-e-seguranca-no-ciberespaco","status":"publish","type":"post","link":"https:\/\/www.bibliotecadeseguranca.com.br\/fr\/uncategorized\/estrategia-da-informacao-e-seguranca-no-ciberespaco\/","title":{"rendered":"Estrat\u00e9gia da Informa\u00e7\u00e3o e Seguran\u00e7a no Ciberespa\u00e7o"},"content":{"rendered":"<p><span style=\"color: #003366;\"><strong><img loading=\"lazy\" decoding=\"async\" class=\"alignleft size-full wp-image-13127\" src=\"http:\/\/www.bibliotecadeseguranca.com.br\/fr\/wp-content\/uploads\/2016\/05\/Estrat\u00e9gia-da-Informa\u00e7\u00e3o-e-Seguran\u00e7a-no-Ciberespa\u00e7o.jpg\" alt=\"Estrat\u00e9gia da Informa\u00e7\u00e3o e Seguran\u00e7a no Ciberespa\u00e7o\" width=\"145\" height=\"209\" srcset=\"https:\/\/www.bibliotecadeseguranca.com.br\/fr\/wp-content\/uploads\/2016\/05\/Estrat\u00e9gia-da-Informa\u00e7\u00e3o-e-Seguran\u00e7a-no-Ciberespa\u00e7o.jpg 145w, https:\/\/www.bibliotecadeseguranca.com.br\/fr\/wp-content\/uploads\/2016\/05\/Estrat\u00e9gia-da-Informa\u00e7\u00e3o-e-Seguran\u00e7a-no-Ciberespa\u00e7o-104x150.jpg 104w\" sizes=\"auto, (max-width: 145px) 100vw, 145px\" \/>Instituto da Defesa Nacional &#8211; Portugal<\/strong><\/span><\/p>\n<p><span style=\"color: #003366;\"><strong>R\u00e9sum\u00e9:<\/strong><\/span> A estrutura\u00e7\u00e3o em rede das sociedades mais desenvolvidas e a cria\u00e7\u00e3o do ciberespa\u00e7o s\u00e3o tra\u00e7os fundamentais do ambiente estrat\u00e9gico do s\u00e9culo XXI. O ciberespa\u00e7o constitui um vetor estrat\u00e9gico privilegiado para o desenvolvimento cultural, social, econ\u00f3mico e para a defesa dos valores das modernas sociedades da informa\u00e7\u00e3o, requerendo por essa raz\u00e3o uma clara perce\u00e7\u00e3o do quadro das amea\u00e7as e vulnerabilidades a ele associadas.<br \/>\nDentro deste \u00e2mbito, considera-se que o modo pelo qual os diferentes agentes fazem uso da informa\u00e7\u00e3o conduz, de forma simult\u00e2nea, ao aparecimento tanto de novas oportunidades como de novas amea\u00e7as no ciberespa\u00e7o, trazendo, deste modo, para a condu\u00e7\u00e3o pol\u00edtica e estrat\u00e9gica dos Estados importantes consequ\u00eancias.<br \/>\nA presente monografia \u00e9 o resultado da coopera\u00e7\u00e3o que, durante os anos de 2012 e 2013, o Instituto da Defesa Nacional (IDN) de Portugal e a Escuela de Altos Estudios de<br \/>\nla Defensa (EALEDE) do Centro Superior de Estudios de la Defensa Nacional (CESEDEN) mantiveram em torno de um tema de plena atualidade: a Ciberseguran\u00e7a.<\/p>\n<p><a href=\"http:\/\/www.bibliotecadeseguranca.com.br\/wp-content\/uploads\/2016\/05\/Estrategia-da-Informacao-e-Seguranca-no-Ciberespaco.pdf\" target=\"_blank\"><img loading=\"lazy\" decoding=\"async\" class=\"alignleft wp-image-12143 size-full\" src=\"http:\/\/www.bibliotecadeseguranca.com.br\/fr\/wp-content\/uploads\/2015\/03\/download_fr.gif\" alt=\"T\u00e9l\u00e9charger\" width=\"107\" height=\"25\" \/><\/a><\/p>\n","protected":false},"excerpt":{"rendered":"<p>Instituto da Defesa Nacional &#8211; Portugal R\u00e9sum\u00e9: A estrutura\u00e7\u00e3o em rede das sociedades mais desenvolvidas e a cria\u00e7\u00e3o do ciberespa\u00e7o s\u00e3o tra\u00e7os fundamentais do ambiente estrat\u00e9gico do s\u00e9culo XXI. O ciberespa\u00e7o constitui um vetor estrat\u00e9gico privilegiado para o desenvolvimento cultural, social, econ\u00f3mico e para a defesa dos valores das modernas sociedades da informa\u00e7\u00e3o, requerendo por essa raz\u00e3o uma clara perce\u00e7\u00e3o do quadro das amea\u00e7as e vulnerabilidades a ele associadas. Dentro&hellip; <\/p>\n","protected":false},"author":3,"featured_media":13127,"comment_status":"closed","ping_status":"closed","sticky":false,"template":"","format":"standard","meta":{"footnotes":""},"categories":[1],"tags":[],"class_list":["post-13126","post","type-post","status-publish","format-standard","has-post-thumbnail","hentry","category-uncategorized"],"views":218,"_links":{"self":[{"href":"https:\/\/www.bibliotecadeseguranca.com.br\/fr\/wp-json\/wp\/v2\/posts\/13126","targetHints":{"allow":["GET"]}}],"collection":[{"href":"https:\/\/www.bibliotecadeseguranca.com.br\/fr\/wp-json\/wp\/v2\/posts"}],"about":[{"href":"https:\/\/www.bibliotecadeseguranca.com.br\/fr\/wp-json\/wp\/v2\/types\/post"}],"author":[{"embeddable":true,"href":"https:\/\/www.bibliotecadeseguranca.com.br\/fr\/wp-json\/wp\/v2\/users\/3"}],"replies":[{"embeddable":true,"href":"https:\/\/www.bibliotecadeseguranca.com.br\/fr\/wp-json\/wp\/v2\/comments?post=13126"}],"version-history":[{"count":1,"href":"https:\/\/www.bibliotecadeseguranca.com.br\/fr\/wp-json\/wp\/v2\/posts\/13126\/revisions"}],"predecessor-version":[{"id":13128,"href":"https:\/\/www.bibliotecadeseguranca.com.br\/fr\/wp-json\/wp\/v2\/posts\/13126\/revisions\/13128"}],"wp:featuredmedia":[{"embeddable":true,"href":"https:\/\/www.bibliotecadeseguranca.com.br\/fr\/wp-json\/wp\/v2\/media\/13127"}],"wp:attachment":[{"href":"https:\/\/www.bibliotecadeseguranca.com.br\/fr\/wp-json\/wp\/v2\/media?parent=13126"}],"wp:term":[{"taxonomy":"category","embeddable":true,"href":"https:\/\/www.bibliotecadeseguranca.com.br\/fr\/wp-json\/wp\/v2\/categories?post=13126"},{"taxonomy":"post_tag","embeddable":true,"href":"https:\/\/www.bibliotecadeseguranca.com.br\/fr\/wp-json\/wp\/v2\/tags?post=13126"}],"curies":[{"name":"wp","href":"https:\/\/api.w.org\/{rel}","templated":true}]}}