{"id":13095,"date":"2016-05-06T14:00:14","date_gmt":"2016-05-06T17:00:14","guid":{"rendered":"http:\/\/www.bibliotecadeseguranca.com.br\/fr\/?p=13095"},"modified":"2016-05-06T13:24:10","modified_gmt":"2016-05-06T16:24:10","slug":"sistemas-de-informacao-fundamentos-do-sistema-de-informacoes-gerenciais","status":"publish","type":"post","link":"https:\/\/www.bibliotecadeseguranca.com.br\/fr\/livros\/sistemas-de-informacao-fundamentos-do-sistema-de-informacoes-gerenciais\/","title":{"rendered":"Sistemas de Informa\u00e7\u00e3o: Fundamentos do Sistema de Informa\u00e7\u00f5es Gerenciais"},"content":{"rendered":"<p><span style=\"color: #003366;\"><strong><img loading=\"lazy\" decoding=\"async\" class=\"alignleft size-full wp-image-13096\" src=\"http:\/\/www.bibliotecadeseguranca.com.br\/fr\/wp-content\/uploads\/2016\/05\/Sistemas-de-Informa\u00e7\u00e3o-Fundamentos-do-Sistema-de-Informa\u00e7\u00f5es-Gerenciais.jpg\" alt=\"Sistemas de Informa\u00e7\u00e3o: Fundamentos do Sistema de Informa\u00e7\u00f5es Gerenciais\" width=\"145\" height=\"204\" srcset=\"https:\/\/www.bibliotecadeseguranca.com.br\/fr\/wp-content\/uploads\/2016\/05\/Sistemas-de-Informa\u00e7\u00e3o-Fundamentos-do-Sistema-de-Informa\u00e7\u00f5es-Gerenciais.jpg 145w, https:\/\/www.bibliotecadeseguranca.com.br\/fr\/wp-content\/uploads\/2016\/05\/Sistemas-de-Informa\u00e7\u00e3o-Fundamentos-do-Sistema-de-Informa\u00e7\u00f5es-Gerenciais-107x150.jpg 107w\" sizes=\"auto, (max-width: 145px) 100vw, 145px\" \/>Andreas Roberto Hoffmann<\/strong><\/span><\/p>\n<p><span style=\"color: #003366;\"><strong>Maison d&#8217;\u00e9dition Juru\u00e1<\/strong><\/span><\/p>\n<p><span style=\"color: #003366;\"><strong>R\u00e9sum\u00e9:<\/strong><\/span> O contexto contempor\u00e2neo relativo ao estudo de n\u00edvel superior aponta para uma quantidade significativa de alunos, por\u00e9m com deficit\u00e1ria forma\u00e7\u00e3o dos ensinos fundamental e m\u00e9dio. Muitos discentes estudam \u00e0 noite e n\u00e3o disp\u00f5em de tempo para se dedicarem a tratados acad\u00eamicos. As pr\u00e1ticas administrativas s\u00e3o cada vez mais complexas e, frequentemente, disseminam-se em revistas especializadas e outros meios de comunica\u00e7\u00e3o midi\u00e1ticos. Os livros did\u00e1ticos dispon\u00edveis apresentam, em um sem n\u00famero de casos, textos traduzidos do exterior, com realidades pouco relacionadas \u00e0s condi\u00e7\u00f5es brasileiras. Assim sendo, esta obra foi produzida para apresentar conte\u00fados a serem transmitidos de uma maneira diferente, criativa e consistente para transmiss\u00e3o de conhecimentos acerca dos ambientes empresariais relacionados ao mundo das informa\u00e7\u00f5es e dos neg\u00f3cios. A did\u00e1tica \u00e9 aprimorada no sentido dos docentes disporem de um grande n\u00famero de estudos de caso para utiliza\u00e7\u00e3o em sala de aula, de sorte que os textos sejam melhor discutidos e, consequentemente, melhor aprendido pelos discentes. Desta forma, os docentes podem ampliar o escopo das suas a\u00e7\u00f5es, realizando estudos dirigidos de acordo com suas perspectivas particulares. O conte\u00fado da obra adiciona aos alunos uma vis\u00e3o sobre sistemas comunicativos, que formam a base do tr\u00e2nsito das informa\u00e7\u00f5es. As abordagens s\u00e3o acompanhadas de esquemas e quadros que fazem com que os professores possam explicar as tem\u00e1ticas de maneira mais simples, por\u00e9m com elevado n\u00edvel de qualidade. Modernas t\u00e9cnicas de gest\u00e3o s\u00e3o tamb\u00e9m incorporadas \u00e0 obra, principalmente para nortear uma estrat\u00e9gia de gest\u00e3o das informa\u00e7\u00f5es centrada na a\u00e7\u00e3o grupal. Devido \u00e0 elaborada did\u00e1tica adotada, a obra \u00e9 facilmente assimil\u00e1vel, sendo desta forma adequada para uma significativa quantidade de cursos, tais como: administra\u00e7\u00e3o e suas \u00eanfases, hotelaria, turismo, engenharia e cursos de n\u00edvel tecnol\u00f3gico. O aluno estar\u00e1 apto a compreender, analisar, planejar e implementar sistemas de informa\u00e7\u00f5es gerenciais. Este \u00e9 o objetivo master desta obra.<\/p>\n","protected":false},"excerpt":{"rendered":"<p>Andreas Roberto Hoffmann Maison d&#8217;\u00e9dition Juru\u00e1 R\u00e9sum\u00e9: O contexto contempor\u00e2neo relativo ao estudo de n\u00edvel superior aponta para uma quantidade significativa de alunos, por\u00e9m com deficit\u00e1ria forma\u00e7\u00e3o dos ensinos fundamental e m\u00e9dio. Muitos discentes estudam \u00e0 noite e n\u00e3o disp\u00f5em de tempo para se dedicarem a tratados acad\u00eamicos. As pr\u00e1ticas administrativas s\u00e3o cada vez mais complexas e, frequentemente, disseminam-se em revistas especializadas e outros meios de comunica\u00e7\u00e3o midi\u00e1ticos. Os livros&hellip; <\/p>\n","protected":false},"author":3,"featured_media":13096,"comment_status":"open","ping_status":"closed","sticky":false,"template":"","format":"standard","meta":{"footnotes":""},"categories":[14,6],"tags":[],"class_list":["post-13095","post","type-post","status-publish","format-standard","has-post-thumbnail","hentry","category-administracao-e-estrategia-empresarial","category-livros"],"views":401,"_links":{"self":[{"href":"https:\/\/www.bibliotecadeseguranca.com.br\/fr\/wp-json\/wp\/v2\/posts\/13095","targetHints":{"allow":["GET"]}}],"collection":[{"href":"https:\/\/www.bibliotecadeseguranca.com.br\/fr\/wp-json\/wp\/v2\/posts"}],"about":[{"href":"https:\/\/www.bibliotecadeseguranca.com.br\/fr\/wp-json\/wp\/v2\/types\/post"}],"author":[{"embeddable":true,"href":"https:\/\/www.bibliotecadeseguranca.com.br\/fr\/wp-json\/wp\/v2\/users\/3"}],"replies":[{"embeddable":true,"href":"https:\/\/www.bibliotecadeseguranca.com.br\/fr\/wp-json\/wp\/v2\/comments?post=13095"}],"version-history":[{"count":1,"href":"https:\/\/www.bibliotecadeseguranca.com.br\/fr\/wp-json\/wp\/v2\/posts\/13095\/revisions"}],"predecessor-version":[{"id":13097,"href":"https:\/\/www.bibliotecadeseguranca.com.br\/fr\/wp-json\/wp\/v2\/posts\/13095\/revisions\/13097"}],"wp:featuredmedia":[{"embeddable":true,"href":"https:\/\/www.bibliotecadeseguranca.com.br\/fr\/wp-json\/wp\/v2\/media\/13096"}],"wp:attachment":[{"href":"https:\/\/www.bibliotecadeseguranca.com.br\/fr\/wp-json\/wp\/v2\/media?parent=13095"}],"wp:term":[{"taxonomy":"category","embeddable":true,"href":"https:\/\/www.bibliotecadeseguranca.com.br\/fr\/wp-json\/wp\/v2\/categories?post=13095"},{"taxonomy":"post_tag","embeddable":true,"href":"https:\/\/www.bibliotecadeseguranca.com.br\/fr\/wp-json\/wp\/v2\/tags?post=13095"}],"curies":[{"name":"wp","href":"https:\/\/api.w.org\/{rel}","templated":true}]}}