{"id":13075,"date":"2016-04-28T14:00:28","date_gmt":"2016-04-28T17:00:28","guid":{"rendered":"http:\/\/www.bibliotecadeseguranca.com.br\/fr\/?p=13075"},"modified":"2016-04-28T13:13:26","modified_gmt":"2016-04-28T16:13:26","slug":"politicas-publicas-de-seguranca-municipal","status":"publish","type":"post","link":"https:\/\/www.bibliotecadeseguranca.com.br\/fr\/livros\/politicas-publicas-de-seguranca-municipal\/","title":{"rendered":"Pol\u00edticas P\u00fablicas de Seguran\u00e7a Municipal"},"content":{"rendered":"<p><span style=\"color: #003366;\"><strong><img loading=\"lazy\" decoding=\"async\" class=\"alignleft size-full wp-image-13076\" src=\"http:\/\/www.bibliotecadeseguranca.com.br\/fr\/wp-content\/uploads\/2016\/04\/Pol\u00edticas-P\u00fablicas-de-Seguran\u00e7a-Municipal.jpg\" alt=\"Pol\u00edticas P\u00fablicas de Seguran\u00e7a Municipal\" width=\"145\" height=\"209\" srcset=\"https:\/\/www.bibliotecadeseguranca.com.br\/fr\/wp-content\/uploads\/2016\/04\/Pol\u00edticas-P\u00fablicas-de-Seguran\u00e7a-Municipal.jpg 145w, https:\/\/www.bibliotecadeseguranca.com.br\/fr\/wp-content\/uploads\/2016\/04\/Pol\u00edticas-P\u00fablicas-de-Seguran\u00e7a-Municipal-104x150.jpg 104w\" sizes=\"auto, (max-width: 145px) 100vw, 145px\" \/>Ana Paula Mendes de Miranda, Joelma de Souza Azevedo, Talitha Mirian do Amaral Rocha<\/strong><\/span><\/p>\n<p><span style=\"color: #003366;\"><strong>Maison d&#8217;\u00e9dition Consequ\u00eancia<\/strong><\/span><\/p>\n<p><span style=\"color: #003366;\"><strong>R\u00e9sum\u00e9:<\/strong><\/span> &#8216;Este livro apresenta os resultados de uma pesquisa que teve como objeto central a atua\u00e7\u00e3o de Guardas Municipais, cuja exist\u00eancia foi especialmente ressignificada a partir de 1988. O seu maior m\u00e9rito \u00e9 que consegue colocar em debate a quest\u00e3o da seguran\u00e7a e das pol\u00edticas p\u00fablicas, ao mesmo tempo em que oferece uma proposta de um modo de se fazer pesquisa, ou seja, de construir uma antropologia sobre as pol\u00edticas p\u00fablicas. Cabe destacar que a inten\u00e7\u00e3o das organizadoras \u00e9 bem sucedida, porque consegue que o livro se converta em uma totalidade maior que a soma de suas partes. Isso ocorre porque os artigos dialogam entre si, articulam-se de modo que v\u00e3o apresentando um mosaico de assuntos e problemas que tornam evidente a complexidade da quest\u00e3o &#8211; como pensar as formas de administra\u00e7\u00e3o de conflitos a partir de um padr\u00e3o n\u00e3o policial?&#8217; &#8211; Mar\u00eda Vict\u00f3ria Pita<\/p>\n","protected":false},"excerpt":{"rendered":"<p>Ana Paula Mendes de Miranda, Joelma de Souza Azevedo, Talitha Mirian do Amaral Rocha Maison d&#8217;\u00e9dition Consequ\u00eancia R\u00e9sum\u00e9: &#8216;Este livro apresenta os resultados de uma pesquisa que teve como objeto central a atua\u00e7\u00e3o de Guardas Municipais, cuja exist\u00eancia foi especialmente ressignificada a partir de 1988. O seu maior m\u00e9rito \u00e9 que consegue colocar em debate a quest\u00e3o da seguran\u00e7a e das pol\u00edticas p\u00fablicas, ao mesmo tempo em que oferece uma&hellip; <\/p>\n","protected":false},"author":3,"featured_media":13076,"comment_status":"open","ping_status":"closed","sticky":false,"template":"","format":"standard","meta":{"footnotes":""},"categories":[6,25],"tags":[],"class_list":["post-13075","post","type-post","status-publish","format-standard","has-post-thumbnail","hentry","category-livros","category-seguranca-publica-e-defesa"],"views":219,"_links":{"self":[{"href":"https:\/\/www.bibliotecadeseguranca.com.br\/fr\/wp-json\/wp\/v2\/posts\/13075","targetHints":{"allow":["GET"]}}],"collection":[{"href":"https:\/\/www.bibliotecadeseguranca.com.br\/fr\/wp-json\/wp\/v2\/posts"}],"about":[{"href":"https:\/\/www.bibliotecadeseguranca.com.br\/fr\/wp-json\/wp\/v2\/types\/post"}],"author":[{"embeddable":true,"href":"https:\/\/www.bibliotecadeseguranca.com.br\/fr\/wp-json\/wp\/v2\/users\/3"}],"replies":[{"embeddable":true,"href":"https:\/\/www.bibliotecadeseguranca.com.br\/fr\/wp-json\/wp\/v2\/comments?post=13075"}],"version-history":[{"count":1,"href":"https:\/\/www.bibliotecadeseguranca.com.br\/fr\/wp-json\/wp\/v2\/posts\/13075\/revisions"}],"predecessor-version":[{"id":13077,"href":"https:\/\/www.bibliotecadeseguranca.com.br\/fr\/wp-json\/wp\/v2\/posts\/13075\/revisions\/13077"}],"wp:featuredmedia":[{"embeddable":true,"href":"https:\/\/www.bibliotecadeseguranca.com.br\/fr\/wp-json\/wp\/v2\/media\/13076"}],"wp:attachment":[{"href":"https:\/\/www.bibliotecadeseguranca.com.br\/fr\/wp-json\/wp\/v2\/media?parent=13075"}],"wp:term":[{"taxonomy":"category","embeddable":true,"href":"https:\/\/www.bibliotecadeseguranca.com.br\/fr\/wp-json\/wp\/v2\/categories?post=13075"},{"taxonomy":"post_tag","embeddable":true,"href":"https:\/\/www.bibliotecadeseguranca.com.br\/fr\/wp-json\/wp\/v2\/tags?post=13075"}],"curies":[{"name":"wp","href":"https:\/\/api.w.org\/{rel}","templated":true}]}}