{"id":12953,"date":"2016-03-11T14:00:40","date_gmt":"2016-03-11T17:00:40","guid":{"rendered":"http:\/\/www.bibliotecadeseguranca.com.br\/fr\/?p=12953"},"modified":"2016-03-11T12:41:33","modified_gmt":"2016-03-11T15:41:33","slug":"crimes-contra-a-ordem-economica","status":"publish","type":"post","link":"https:\/\/www.bibliotecadeseguranca.com.br\/fr\/livros\/crimes-contra-a-ordem-economica\/","title":{"rendered":"Crimes Contra a Ordem Econ\u00f4mica"},"content":{"rendered":"<p><span style=\"color: #003366;\"><strong><img loading=\"lazy\" decoding=\"async\" class=\"alignleft size-full wp-image-12954\" src=\"http:\/\/www.bibliotecadeseguranca.com.br\/fr\/wp-content\/uploads\/2016\/03\/Crimes-Contra-a-Ordem-Econ\u00f4mica.jpg\" alt=\"Crimes Contra a Ordem Econ\u00f4mica\" width=\"145\" height=\"219\" srcset=\"https:\/\/www.bibliotecadeseguranca.com.br\/fr\/wp-content\/uploads\/2016\/03\/Crimes-Contra-a-Ordem-Econ\u00f4mica.jpg 145w, https:\/\/www.bibliotecadeseguranca.com.br\/fr\/wp-content\/uploads\/2016\/03\/Crimes-Contra-a-Ordem-Econ\u00f4mica-99x150.jpg 99w\" sizes=\"auto, (max-width: 145px) 100vw, 145px\" \/>Luiz Antonio C\u00e2mara<\/strong><\/span><\/p>\n<p><span style=\"color: #003366;\"><strong>Editora Juru\u00e1<\/strong><\/span><\/p>\n<p><span style=\"color: #003366;\"><strong>Sinopse:<\/strong><\/span> Neste volume o leitor encontrar\u00e1 os seguintes assuntos e textos &#8211; O Arresto Subsidi\u00e1rio do Processo Penal e o Processo Civil nos Crimes Contra a Ordem Tribut\u00e1ria; A Segunda Velocidade do Direito Penal (Jes\u00fas-Mar\u00eda Silva S\u00e1nchez) &#8211; Cr\u00edtica a Partir de uma \u00d3tica Latino-Americana; Intercepta\u00e7\u00e3o Telef\u00f4nica, Intimidade e Privacidade na Investiga\u00e7\u00e3o dos Crimes Contra a Ordem Econ\u00f4mica; Administrativiza\u00e7\u00e3o do Direito Penal &#8211; Reflexos da Expans\u00e3o do Direito Penal nos Delitos de &#8216;Lavagem&#8217; de Capitais; A Origem do Direito Penal Econ\u00f4mico &#8211; Raz\u00f5es Hist\u00f3ricas; A Pessoa Jur\u00eddica no Processo Penal; A\u00e7\u00f5es Penais de Prote\u00e7\u00e3o dos Direitos de Propriedade Intelectual e Industrial na Perspectiva de Sustentabilidade Empresarial; O Exerc\u00edcio do Contradit\u00f3rio nas Medidas Patrimoniais de Urg\u00eancia no Processo Penal Brasileiro &#8211; An\u00e1lise Sistem\u00e1tica e Constitucional; Considera\u00e7\u00f5es sobre as Medidas Cautelares Reais Patrimoniais nos Crimes Contra a Ordem Econ\u00f4mica; Den\u00fancia Gen\u00e9rica; a Injustificada Minimiza\u00e7\u00e3o das Garantias Fundamentais; Considera\u00e7\u00f5es sobre Hipoteca Legal e Arresto Pr\u00e9vio.<\/p>\n","protected":false},"excerpt":{"rendered":"<p>Luiz Antonio C\u00e2mara Editora Juru\u00e1 Sinopse: Neste volume o leitor encontrar\u00e1 os seguintes assuntos e textos &#8211; O Arresto Subsidi\u00e1rio do Processo Penal e o Processo Civil nos Crimes Contra a Ordem Tribut\u00e1ria; A Segunda Velocidade do Direito Penal (Jes\u00fas-Mar\u00eda Silva S\u00e1nchez) &#8211; Cr\u00edtica a Partir de uma \u00d3tica Latino-Americana; Intercepta\u00e7\u00e3o Telef\u00f4nica, Intimidade e Privacidade na Investiga\u00e7\u00e3o dos Crimes Contra a Ordem Econ\u00f4mica; Administrativiza\u00e7\u00e3o do Direito Penal &#8211; Reflexos da&hellip; <\/p>\n","protected":false},"author":3,"featured_media":12954,"comment_status":"open","ping_status":"closed","sticky":false,"template":"","format":"standard","meta":{"footnotes":""},"categories":[10,15,6,19,91],"tags":[],"class_list":["post-12953","post","type-post","status-publish","format-standard","has-post-thumbnail","hentry","category-crime-violencia-e-criminologia","category-fraude-e-investigacao","category-livros","category-risco-e-perdas","category-seguranca-bancaria"],"views":286,"_links":{"self":[{"href":"https:\/\/www.bibliotecadeseguranca.com.br\/fr\/wp-json\/wp\/v2\/posts\/12953","targetHints":{"allow":["GET"]}}],"collection":[{"href":"https:\/\/www.bibliotecadeseguranca.com.br\/fr\/wp-json\/wp\/v2\/posts"}],"about":[{"href":"https:\/\/www.bibliotecadeseguranca.com.br\/fr\/wp-json\/wp\/v2\/types\/post"}],"author":[{"embeddable":true,"href":"https:\/\/www.bibliotecadeseguranca.com.br\/fr\/wp-json\/wp\/v2\/users\/3"}],"replies":[{"embeddable":true,"href":"https:\/\/www.bibliotecadeseguranca.com.br\/fr\/wp-json\/wp\/v2\/comments?post=12953"}],"version-history":[{"count":1,"href":"https:\/\/www.bibliotecadeseguranca.com.br\/fr\/wp-json\/wp\/v2\/posts\/12953\/revisions"}],"predecessor-version":[{"id":12955,"href":"https:\/\/www.bibliotecadeseguranca.com.br\/fr\/wp-json\/wp\/v2\/posts\/12953\/revisions\/12955"}],"wp:featuredmedia":[{"embeddable":true,"href":"https:\/\/www.bibliotecadeseguranca.com.br\/fr\/wp-json\/wp\/v2\/media\/12954"}],"wp:attachment":[{"href":"https:\/\/www.bibliotecadeseguranca.com.br\/fr\/wp-json\/wp\/v2\/media?parent=12953"}],"wp:term":[{"taxonomy":"category","embeddable":true,"href":"https:\/\/www.bibliotecadeseguranca.com.br\/fr\/wp-json\/wp\/v2\/categories?post=12953"},{"taxonomy":"post_tag","embeddable":true,"href":"https:\/\/www.bibliotecadeseguranca.com.br\/fr\/wp-json\/wp\/v2\/tags?post=12953"}],"curies":[{"name":"wp","href":"https:\/\/api.w.org\/{rel}","templated":true}]}}