{"id":12931,"date":"2016-03-01T14:00:58","date_gmt":"2016-03-01T17:00:58","guid":{"rendered":"http:\/\/www.bibliotecadeseguranca.com.br\/fr\/?p=12931"},"modified":"2016-03-01T06:25:53","modified_gmt":"2016-03-01T09:25:53","slug":"por-dentro-das-mentes-assassinas-a-historia-dos-perfis-criminosos","status":"publish","type":"post","link":"https:\/\/www.bibliotecadeseguranca.com.br\/fr\/livros\/por-dentro-das-mentes-assassinas-a-historia-dos-perfis-criminosos\/","title":{"rendered":"Por Dentro das Mentes Assassinas &#8211; A Hist\u00f3ria dos Perfis Criminosos"},"content":{"rendered":"<p><span style=\"color: #003366;\"><strong><img loading=\"lazy\" decoding=\"async\" class=\"alignleft size-full wp-image-12932\" src=\"http:\/\/www.bibliotecadeseguranca.com.br\/fr\/wp-content\/uploads\/2016\/03\/Por-Dentro-das-Mentes-Assassinas-A-Hist\u00f3ria-dos-Perfis-Criminosos.jpg\" alt=\"Por Dentro das Mentes Assassinas - A Hist\u00f3ria dos Perfis Criminosos\" width=\"145\" height=\"205\" srcset=\"https:\/\/www.bibliotecadeseguranca.com.br\/fr\/wp-content\/uploads\/2016\/03\/Por-Dentro-das-Mentes-Assassinas-A-Hist\u00f3ria-dos-Perfis-Criminosos.jpg 145w, https:\/\/www.bibliotecadeseguranca.com.br\/fr\/wp-content\/uploads\/2016\/03\/Por-Dentro-das-Mentes-Assassinas-A-Hist\u00f3ria-dos-Perfis-Criminosos-106x150.jpg 106w\" sizes=\"auto, (max-width: 145px) 100vw, 145px\" \/>Paul Roland<\/strong><\/span><\/p>\n<p><span style=\"color: #003366;\"><strong>Maison d&#8217;\u00e9dition\u00a0Madras<\/strong><\/span><\/p>\n<p><span style=\"color: #003366;\"><strong>R\u00e9sum\u00e9:<\/strong><\/span> O que motiva um homem aparentemente normal a sequestrar, torturar e assasinar um estranho? Por que tipos espec\u00edficos de personalidades se unem a c\u00e9lulas terroristas? O que se passa na mente de um pai que planeja assassinar toda a sua fam\u00edlia a sangue-frio e forjar seu pr\u00f3prio desaparecimento?<br \/>\nPor Dentro das Mentes Assassinas explora essas quest\u00f5es e outras mais, retratando as experi\u00eancias de vida, muitas vezes atormentadas, dos maiores criadores de perfis de criminosos e psic\u00f3logos forenses que foram respons\u00e1veis pela persegui\u00e7\u00e3o de alguns dos mais not\u00f3rios serial killers, predadores sexuais, chantagistas e terroristas dos tempos modernos.<br \/>\nEnquanto muitos assasinos infames s\u00e3o retratados nestas p\u00e1ginas, a ess\u00eancia sombria deste livro explora a natureza do mal e o que motiva homens, mulheres e algumas vezes at\u00e9 crian\u00e7as a cometer os mais pavorosos atos imagin\u00e1veis. Ele tamb\u00e9m desfaz o mito do crime sem motiva\u00e7\u00e3o e desafia a cren\u00e7a popular de que todos os assasinos s\u00e3o loucos.<\/p>\n<p>&#8216;Roland escreveu um livro significativo&#8230; Uma leitura fascinante e abordagem singular do tema. Eu gostei muito.&#8217; Roy Hazelwood, ex-criador de perfis do FBI e autor de The Evil that Men Do.<\/p>\n","protected":false},"excerpt":{"rendered":"<p>Paul Roland Maison d&#8217;\u00e9dition\u00a0Madras R\u00e9sum\u00e9: O que motiva um homem aparentemente normal a sequestrar, torturar e assasinar um estranho? Por que tipos espec\u00edficos de personalidades se unem a c\u00e9lulas terroristas? O que se passa na mente de um pai que planeja assassinar toda a sua fam\u00edlia a sangue-frio e forjar seu pr\u00f3prio desaparecimento? Por Dentro das Mentes Assassinas explora essas quest\u00f5es e outras mais, retratando as experi\u00eancias de vida, muitas&hellip; <\/p>\n","protected":false},"author":3,"featured_media":12932,"comment_status":"open","ping_status":"closed","sticky":false,"template":"","format":"standard","meta":{"footnotes":""},"categories":[10,6,25],"tags":[],"class_list":["post-12931","post","type-post","status-publish","format-standard","has-post-thumbnail","hentry","category-crime-violencia-e-criminologia","category-livros","category-seguranca-publica-e-defesa"],"views":314,"_links":{"self":[{"href":"https:\/\/www.bibliotecadeseguranca.com.br\/fr\/wp-json\/wp\/v2\/posts\/12931","targetHints":{"allow":["GET"]}}],"collection":[{"href":"https:\/\/www.bibliotecadeseguranca.com.br\/fr\/wp-json\/wp\/v2\/posts"}],"about":[{"href":"https:\/\/www.bibliotecadeseguranca.com.br\/fr\/wp-json\/wp\/v2\/types\/post"}],"author":[{"embeddable":true,"href":"https:\/\/www.bibliotecadeseguranca.com.br\/fr\/wp-json\/wp\/v2\/users\/3"}],"replies":[{"embeddable":true,"href":"https:\/\/www.bibliotecadeseguranca.com.br\/fr\/wp-json\/wp\/v2\/comments?post=12931"}],"version-history":[{"count":1,"href":"https:\/\/www.bibliotecadeseguranca.com.br\/fr\/wp-json\/wp\/v2\/posts\/12931\/revisions"}],"predecessor-version":[{"id":12933,"href":"https:\/\/www.bibliotecadeseguranca.com.br\/fr\/wp-json\/wp\/v2\/posts\/12931\/revisions\/12933"}],"wp:featuredmedia":[{"embeddable":true,"href":"https:\/\/www.bibliotecadeseguranca.com.br\/fr\/wp-json\/wp\/v2\/media\/12932"}],"wp:attachment":[{"href":"https:\/\/www.bibliotecadeseguranca.com.br\/fr\/wp-json\/wp\/v2\/media?parent=12931"}],"wp:term":[{"taxonomy":"category","embeddable":true,"href":"https:\/\/www.bibliotecadeseguranca.com.br\/fr\/wp-json\/wp\/v2\/categories?post=12931"},{"taxonomy":"post_tag","embeddable":true,"href":"https:\/\/www.bibliotecadeseguranca.com.br\/fr\/wp-json\/wp\/v2\/tags?post=12931"}],"curies":[{"name":"wp","href":"https:\/\/api.w.org\/{rel}","templated":true}]}}