{"id":12861,"date":"2016-01-26T13:00:46","date_gmt":"2016-01-26T16:00:46","guid":{"rendered":"http:\/\/www.bibliotecadeseguranca.com.br\/fr\/?p=12861"},"modified":"2016-01-26T12:05:17","modified_gmt":"2016-01-26T15:05:17","slug":"seguranca-publica-direito-individual-e-coletivo-e-direito-social","status":"publish","type":"post","link":"https:\/\/www.bibliotecadeseguranca.com.br\/fr\/livros\/seguranca-publica-direito-individual-e-coletivo-e-direito-social\/","title":{"rendered":"Seguran\u00e7a P\u00fablica Direito Individual e Coletivo e Direito Social"},"content":{"rendered":"<p><span style=\"color: #003366;\"><strong><img loading=\"lazy\" decoding=\"async\" class=\"alignleft size-full wp-image-12862\" src=\"http:\/\/www.bibliotecadeseguranca.com.br\/fr\/wp-content\/uploads\/2016\/01\/Seguran\u00e7a-P\u00fablica-Direito-Individual-e-Coletivo-e-Direito-Social.jpg\" alt=\"Seguran\u00e7a P\u00fablica Direito Individual e Coletivo e Direito Social\" width=\"145\" height=\"225\" srcset=\"https:\/\/www.bibliotecadeseguranca.com.br\/fr\/wp-content\/uploads\/2016\/01\/Seguran\u00e7a-P\u00fablica-Direito-Individual-e-Coletivo-e-Direito-Social.jpg 145w, https:\/\/www.bibliotecadeseguranca.com.br\/fr\/wp-content\/uploads\/2016\/01\/Seguran\u00e7a-P\u00fablica-Direito-Individual-e-Coletivo-e-Direito-Social-97x150.jpg 97w\" sizes=\"auto, (max-width: 145px) 100vw, 145px\" \/>Antonio Vital da Silva<\/strong><\/span><\/p>\n<p><span style=\"color: #003366;\"><strong>Maison d&#8217;\u00e9dition\u00a0Bara\u00fana<\/strong><\/span><\/p>\n<p><span style=\"color: #003366;\"><strong>R\u00e9sum\u00e9:<\/strong><\/span> Este livro \u00e9 composto de texto escritos entre 1997 e 2012, que tratam, de assuntos do cotidiano da cena pol\u00edtico administrativa do Pa\u00eds. Neles enfatiza se que a Seguran\u00e7a P\u00fablica \u00e9 direito do cidad\u00e3o e que cabe ao Estado promov\u00ea-la com qualidade e sufici\u00eancia. E que, caso isso n\u00e3o ocorra, compete \u00e0 sociedade o direito\/dever de exigir do administrador p\u00fablico o cumprimento dos ditames constitucionais.<\/p>\n","protected":false},"excerpt":{"rendered":"<p>Antonio Vital da Silva Maison d&#8217;\u00e9dition\u00a0Bara\u00fana R\u00e9sum\u00e9: Este livro \u00e9 composto de texto escritos entre 1997 e 2012, que tratam, de assuntos do cotidiano da cena pol\u00edtico administrativa do Pa\u00eds. Neles enfatiza se que a Seguran\u00e7a P\u00fablica \u00e9 direito do cidad\u00e3o e que cabe ao Estado promov\u00ea-la com qualidade e sufici\u00eancia. E que, caso isso n\u00e3o ocorra, compete \u00e0 sociedade o direito\/dever de exigir do administrador p\u00fablico o cumprimento dos&hellip; <\/p>\n","protected":false},"author":3,"featured_media":12862,"comment_status":"open","ping_status":"closed","sticky":false,"template":"","format":"standard","meta":{"footnotes":""},"categories":[6,25],"tags":[],"class_list":["post-12861","post","type-post","status-publish","format-standard","has-post-thumbnail","hentry","category-livros","category-seguranca-publica-e-defesa"],"views":478,"_links":{"self":[{"href":"https:\/\/www.bibliotecadeseguranca.com.br\/fr\/wp-json\/wp\/v2\/posts\/12861","targetHints":{"allow":["GET"]}}],"collection":[{"href":"https:\/\/www.bibliotecadeseguranca.com.br\/fr\/wp-json\/wp\/v2\/posts"}],"about":[{"href":"https:\/\/www.bibliotecadeseguranca.com.br\/fr\/wp-json\/wp\/v2\/types\/post"}],"author":[{"embeddable":true,"href":"https:\/\/www.bibliotecadeseguranca.com.br\/fr\/wp-json\/wp\/v2\/users\/3"}],"replies":[{"embeddable":true,"href":"https:\/\/www.bibliotecadeseguranca.com.br\/fr\/wp-json\/wp\/v2\/comments?post=12861"}],"version-history":[{"count":1,"href":"https:\/\/www.bibliotecadeseguranca.com.br\/fr\/wp-json\/wp\/v2\/posts\/12861\/revisions"}],"predecessor-version":[{"id":12863,"href":"https:\/\/www.bibliotecadeseguranca.com.br\/fr\/wp-json\/wp\/v2\/posts\/12861\/revisions\/12863"}],"wp:featuredmedia":[{"embeddable":true,"href":"https:\/\/www.bibliotecadeseguranca.com.br\/fr\/wp-json\/wp\/v2\/media\/12862"}],"wp:attachment":[{"href":"https:\/\/www.bibliotecadeseguranca.com.br\/fr\/wp-json\/wp\/v2\/media?parent=12861"}],"wp:term":[{"taxonomy":"category","embeddable":true,"href":"https:\/\/www.bibliotecadeseguranca.com.br\/fr\/wp-json\/wp\/v2\/categories?post=12861"},{"taxonomy":"post_tag","embeddable":true,"href":"https:\/\/www.bibliotecadeseguranca.com.br\/fr\/wp-json\/wp\/v2\/tags?post=12861"}],"curies":[{"name":"wp","href":"https:\/\/api.w.org\/{rel}","templated":true}]}}