{"id":12830,"date":"2016-01-15T13:00:15","date_gmt":"2016-01-15T16:00:15","guid":{"rendered":"http:\/\/www.bibliotecadeseguranca.com.br\/fr\/?p=12830"},"modified":"2016-01-15T12:39:45","modified_gmt":"2016-01-15T15:39:45","slug":"gestao-estrategica-em-seguranca-publica","status":"publish","type":"post","link":"https:\/\/www.bibliotecadeseguranca.com.br\/fr\/livros\/gestao-estrategica-em-seguranca-publica\/","title":{"rendered":"Gest\u00e3o Estrat\u00e9gica em Seguran\u00e7a P\u00fablica"},"content":{"rendered":"<p><span style=\"color: #003366;\"><strong><img loading=\"lazy\" decoding=\"async\" class=\"alignleft size-full wp-image-12831\" src=\"http:\/\/www.bibliotecadeseguranca.com.br\/fr\/wp-content\/uploads\/2016\/01\/Gest\u00e3o-Estrat\u00e9gica-em-Seguran\u00e7a-P\u00fablica.jpg\" alt=\"Gest\u00e3o Estrat\u00e9gica em Seguran\u00e7a P\u00fablica\" width=\"145\" height=\"211\" srcset=\"https:\/\/www.bibliotecadeseguranca.com.br\/fr\/wp-content\/uploads\/2016\/01\/Gest\u00e3o-Estrat\u00e9gica-em-Seguran\u00e7a-P\u00fablica.jpg 145w, https:\/\/www.bibliotecadeseguranca.com.br\/fr\/wp-content\/uploads\/2016\/01\/Gest\u00e3o-Estrat\u00e9gica-em-Seguran\u00e7a-P\u00fablica-103x150.jpg 103w\" sizes=\"auto, (max-width: 145px) 100vw, 145px\" \/>Andr\u00e9 Salineiro<\/strong><\/span><\/p>\n<p><span style=\"color: #003366;\"><strong>Maison d&#8217;\u00e9dition\u00a0Novo Mundo<\/strong><\/span><\/p>\n<p><span style=\"color: #003366;\"><strong>R\u00e9sum\u00e9:<\/strong><\/span> O objetivo deste livro \u00e9 refletir sobre as atuais pol\u00edticas de seguran\u00e7a p\u00fablica do pa\u00eds, analisando seus efeitos e suas futuras perspectivas no cen\u00e1rio nacional.<br \/>\nAl\u00e9m de buscar identificar os problemas e dificuldades na gest\u00e3o p\u00fablica, procura analisar o posicionamento de diferentes aspectos e causas da criminalidade, finalizando com a sugest\u00e3o de a\u00e7\u00f5es estrat\u00e9gicas relacionadas \u00e0 seguran\u00e7a p\u00fablica.<br \/>\nA obra investe em uma vis\u00e3o direta e objetiva do cen\u00e1rio atual e futuro, possibilitando a compreens\u00e3o do sistema de uma forma clara e simples.<\/p>\n","protected":false},"excerpt":{"rendered":"<p>Andr\u00e9 Salineiro Maison d&#8217;\u00e9dition\u00a0Novo Mundo R\u00e9sum\u00e9: O objetivo deste livro \u00e9 refletir sobre as atuais pol\u00edticas de seguran\u00e7a p\u00fablica do pa\u00eds, analisando seus efeitos e suas futuras perspectivas no cen\u00e1rio nacional. Al\u00e9m de buscar identificar os problemas e dificuldades na gest\u00e3o p\u00fablica, procura analisar o posicionamento de diferentes aspectos e causas da criminalidade, finalizando com a sugest\u00e3o de a\u00e7\u00f5es estrat\u00e9gicas relacionadas \u00e0 seguran\u00e7a p\u00fablica. A obra investe em uma vis\u00e3o&hellip; <\/p>\n","protected":false},"author":3,"featured_media":12831,"comment_status":"open","ping_status":"closed","sticky":false,"template":"","format":"standard","meta":{"footnotes":""},"categories":[6,25],"tags":[],"class_list":["post-12830","post","type-post","status-publish","format-standard","has-post-thumbnail","hentry","category-livros","category-seguranca-publica-e-defesa"],"views":460,"_links":{"self":[{"href":"https:\/\/www.bibliotecadeseguranca.com.br\/fr\/wp-json\/wp\/v2\/posts\/12830","targetHints":{"allow":["GET"]}}],"collection":[{"href":"https:\/\/www.bibliotecadeseguranca.com.br\/fr\/wp-json\/wp\/v2\/posts"}],"about":[{"href":"https:\/\/www.bibliotecadeseguranca.com.br\/fr\/wp-json\/wp\/v2\/types\/post"}],"author":[{"embeddable":true,"href":"https:\/\/www.bibliotecadeseguranca.com.br\/fr\/wp-json\/wp\/v2\/users\/3"}],"replies":[{"embeddable":true,"href":"https:\/\/www.bibliotecadeseguranca.com.br\/fr\/wp-json\/wp\/v2\/comments?post=12830"}],"version-history":[{"count":1,"href":"https:\/\/www.bibliotecadeseguranca.com.br\/fr\/wp-json\/wp\/v2\/posts\/12830\/revisions"}],"predecessor-version":[{"id":12832,"href":"https:\/\/www.bibliotecadeseguranca.com.br\/fr\/wp-json\/wp\/v2\/posts\/12830\/revisions\/12832"}],"wp:featuredmedia":[{"embeddable":true,"href":"https:\/\/www.bibliotecadeseguranca.com.br\/fr\/wp-json\/wp\/v2\/media\/12831"}],"wp:attachment":[{"href":"https:\/\/www.bibliotecadeseguranca.com.br\/fr\/wp-json\/wp\/v2\/media?parent=12830"}],"wp:term":[{"taxonomy":"category","embeddable":true,"href":"https:\/\/www.bibliotecadeseguranca.com.br\/fr\/wp-json\/wp\/v2\/categories?post=12830"},{"taxonomy":"post_tag","embeddable":true,"href":"https:\/\/www.bibliotecadeseguranca.com.br\/fr\/wp-json\/wp\/v2\/tags?post=12830"}],"curies":[{"name":"wp","href":"https:\/\/api.w.org\/{rel}","templated":true}]}}